{"id":6418,"date":"2019-08-15T17:57:02","date_gmt":"2019-08-15T17:57:02","guid":{"rendered":"http:\/\/www.radiopresidenteibanez.cl\/web\/?p=6418"},"modified":"2019-08-15T17:57:09","modified_gmt":"2019-08-15T17:57:09","slug":"economista-alejandro-fernandez-dicto-charla-en-asamblea-anual-de-socios-de-cchc-punta-arenas","status":"publish","type":"post","link":"https:\/\/www.radiopresidenteibanez.cl\/web\/economista-alejandro-fernandez-dicto-charla-en-asamblea-anual-de-socios-de-cchc-punta-arenas\/","title":{"rendered":"ECONOMISTA ALEJANDRO FERN\u00c1NDEZ DICT\u00d3 CHARLA EN ASAMBLEA ANUAL DE SOCIOS DE CCHC PUNTA ARENAS"},"content":{"rendered":"\n<p>La C\u00e1mara Chilena de la Construcci\u00f3n de Punta Arenas realiz\u00f3 su Asamblea Anual de Socios en el auditorio de la C\u00e1mara local. El Consejo Regional vot\u00f3 de forma un\u00e1nime para ratificar a la Mesa Directiva Regional Regional (MDR) actual, la cual est\u00e1 compuesta por Jos\u00e9 Alvarado Mansilla como Presidente, Nelson Mart\u00ednez Arriagada y Carlos Braun Elgart como vicepresidentes y Jan Gysling como Past President. Tambi\u00e9n, se ratificaron a los consejeros regionales Christian Adema Galetovic, Manuel Casta\u00f1eda Paredes y Jaime Abarza Gonz\u00e1lez. El periodo de mandato de la MDR ratificada es para 2019-2020.<\/p>\n\n\n\n<p>Durante la Asamblea, el presidente brind\u00f3 un discurso a todos los asistentes, repasando lo que ha sido su gesti\u00f3n gremial en el \u00faltimo a\u00f1o y agradeciendo la confianza de los socios por ratificar la Mesa que preside.<\/p>\n\n\n\n<p>\u201cMe llena de orgullo y agradezco enormemente la confianza depositada en m\u00ed por parte de los dos vicepresidentes, consejeros nacionales y regionales y todos los socios durante mi gesti\u00f3n. Me comprometo a trabajar fuertemente hasta que finalice mi mandato, para cumplir as\u00ed de la mejor forma las expectativas. Este cargo es de una gran responsabilidad porque como gremio debemos seguir avanzando en una mejor calidad de vida de nuestros trabajadores y de nuestras ciudades\u201d, indic\u00f3 el presidente de CChC Punta Arenas, Jos\u00e9 Alvarado Mansilla.<\/p>\n\n\n\n<p>Luego, frente a autoridades regionales como el intendente Jos\u00e9 Fern\u00e1ndez y el gobernador Homero Villegas, y a socios de la C\u00e1mara local, el reconocido economista Alejandro Fern\u00e1ndez dict\u00f3 la charla \u201cLa econom\u00eda nacional e internacional con alta incertidumbre y visi\u00f3n de Magallanes a largo plazo\u201d.<\/p>\n\n\n\n<p>\u201cLa mirada local a largo plazo es incierta, puede ser positiva o negativa; todo depende de lo que se haga durante el tiempo. Las perspectivas pueden ser muy buenas o no tanto. Estamos en un momento muy crucial para la econom\u00eda regional\u201d, explic\u00f3 Fern\u00e1ndez.<\/p>\n","protected":false},"excerpt":{"rendered":"<p>La C\u00e1mara Chilena de la Construcci\u00f3n de Punta Arenas realiz\u00f3 su Asamblea Anual de Socios en el auditorio de la C\u00e1mara local. El Consejo Regional vot\u00f3 de forma un\u00e1nime para&#8230; <a class=\"read-more\" href=\"https:\/\/www.radiopresidenteibanez.cl\/web\/economista-alejandro-fernandez-dicto-charla-en-asamblea-anual-de-socios-de-cchc-punta-arenas\/\">Leer m\u00e1s<\/a><\/p>\n","protected":false},"author":2,"featured_media":6419,"comment_status":"closed","ping_status":"closed","sticky":false,"template":"","format":"standard","meta":{"footnotes":""},"categories":[1],"tags":[],"class_list":["post-6418","post","type-post","status-publish","format-standard","has-post-thumbnail","hentry","category-cronica"],"_links":{"self":[{"href":"https:\/\/www.radiopresidenteibanez.cl\/web\/wp-json\/wp\/v2\/posts\/6418","targetHints":{"allow":["GET"]}}],"collection":[{"href":"https:\/\/www.radiopresidenteibanez.cl\/web\/wp-json\/wp\/v2\/posts"}],"about":[{"href":"https:\/\/www.radiopresidenteibanez.cl\/web\/wp-json\/wp\/v2\/types\/post"}],"author":[{"embeddable":true,"href":"https:\/\/www.radiopresidenteibanez.cl\/web\/wp-json\/wp\/v2\/users\/2"}],"replies":[{"embeddable":true,"href":"https:\/\/www.radiopresidenteibanez.cl\/web\/wp-json\/wp\/v2\/comments?post=6418"}],"version-history":[{"count":0,"href":"https:\/\/www.radiopresidenteibanez.cl\/web\/wp-json\/wp\/v2\/posts\/6418\/revisions"}],"wp:featuredmedia":[{"embeddable":true,"href":"https:\/\/www.radiopresidenteibanez.cl\/web\/wp-json\/wp\/v2\/media\/6419"}],"wp:attachment":[{"href":"https:\/\/www.radiopresidenteibanez.cl\/web\/wp-json\/wp\/v2\/media?parent=6418"}],"wp:term":[{"taxonomy":"category","embeddable":true,"href":"https:\/\/www.radiopresidenteibanez.cl\/web\/wp-json\/wp\/v2\/categories?post=6418"},{"taxonomy":"post_tag","embeddable":true,"href":"https:\/\/www.radiopresidenteibanez.cl\/web\/wp-json\/wp\/v2\/tags?post=6418"}],"curies":[{"name":"wp","href":"https:\/\/api.w.org\/{rel}","templated":true}]}}