{"id":6415,"date":"2019-08-15T17:52:37","date_gmt":"2019-08-15T17:52:37","guid":{"rendered":"http:\/\/www.radiopresidenteibanez.cl\/web\/?p=6415"},"modified":"2019-08-15T17:52:42","modified_gmt":"2019-08-15T17:52:42","slug":"diputada-amar-por-reunion-con-subsecretario-de-redes-asistenciales-agradezco-la-diligencia-y-espero-se-continue-asi-ya-que-son-muchos-los-pendientes-en-materia-de-salud","status":"publish","type":"post","link":"https:\/\/www.radiopresidenteibanez.cl\/web\/diputada-amar-por-reunion-con-subsecretario-de-redes-asistenciales-agradezco-la-diligencia-y-espero-se-continue-asi-ya-que-son-muchos-los-pendientes-en-materia-de-salud\/","title":{"rendered":"DIPUTADA AMAR POR REUNI\u00d3N CON SUBSECRETARIO DE REDES ASISTENCIALES: \u201cAGRADEZCO LA DILIGENCIA Y ESPERO SE CONTIN\u00daE AS\u00cd YA QUE SON MUCHOS LOS PENDIENTES EN MATERIA DE SALUD\u201d"},"content":{"rendered":"\n<p>La diputada Sandra Amar sostuvo\nuna reuni\u00f3n con el Subsecretario de Redes Asistenciales, Arturo Zu\u00f1iga.<\/p>\n\n\n\n<p>El objetivo de este encuentro,\nseg\u00fan la parlamentaria, era agradecer la diligencia y el apoyo de la\nSubsecretaria con diversos problemas, sobre todo aquellos que aquejan al\nHospital Augusto Essmann de Puerto Natales.<\/p>\n\n\n\n<p>\u201cHace aproximadamente un mes\nvinimos a la Subsecretar\u00eda por primera vez con la gobernadora de Ultima\nEsperanza, Ana Mayorga. Esto para manifestar nuestra preocupaci\u00f3n por los\ngraves acontecimientos que en ese entonces se suscitaban en el recinto\u201d y\nrecord\u00f3 que \u201cen esa instancia, adem\u00e1s, hicimos ver la importancia que revest\u00eda\ncontar con un director que pudiera lograr aunar fuerzas y organizar al equipo,\nlo que ya se consigui\u00f3\u201d. A su vez, la parlamentaria gremialista asegur\u00f3 que\n\u201cpedimos que un equipo de la Subsecretaria fuera a ver in situ lo que suced\u00eda\nen el Hospital de Natales, lo que se concret\u00f3 hace algunos d\u00edas\u201d. Para Sandra\nAmar, esto da cuenta de que los compromisos se han cumplido al pie de la letra\ny que \u201cexiste la voluntad de seguir avanzando\u201d.<\/p>\n\n\n\n<p>En la reuni\u00f3n la diputada reiter\u00f3\nla necesidad de contar con m\u00e1s especialistas en la regi\u00f3n y lo relevante que es\ntener un protocolo de aeroevacuaciones desde los hospitales de Porvenir y\nPuerto Natales hacia Punta Arenas, situaci\u00f3n que fue acogida y ser\u00e1 estudiada\npor el equipo del Subsecretario Zu\u00f1iga.<\/p>\n\n\n\n<p>\u201cAgradezco la diligencia y espero\nse contin\u00fae as\u00ed ya que son muchos los pendientes en materia de salud\u201d finaliz\u00f3\nAmar.&nbsp; <\/p>\n","protected":false},"excerpt":{"rendered":"<p>La diputada Sandra Amar sostuvo una reuni\u00f3n con el Subsecretario de Redes Asistenciales, Arturo Zu\u00f1iga. El objetivo de este encuentro, seg\u00fan la parlamentaria, era agradecer la diligencia y el apoyo&#8230; <a class=\"read-more\" href=\"https:\/\/www.radiopresidenteibanez.cl\/web\/diputada-amar-por-reunion-con-subsecretario-de-redes-asistenciales-agradezco-la-diligencia-y-espero-se-continue-asi-ya-que-son-muchos-los-pendientes-en-materia-de-salud\/\">Leer m\u00e1s<\/a><\/p>\n","protected":false},"author":2,"featured_media":6416,"comment_status":"closed","ping_status":"closed","sticky":false,"template":"","format":"standard","meta":{"footnotes":""},"categories":[1],"tags":[],"class_list":["post-6415","post","type-post","status-publish","format-standard","has-post-thumbnail","hentry","category-cronica"],"_links":{"self":[{"href":"https:\/\/www.radiopresidenteibanez.cl\/web\/wp-json\/wp\/v2\/posts\/6415","targetHints":{"allow":["GET"]}}],"collection":[{"href":"https:\/\/www.radiopresidenteibanez.cl\/web\/wp-json\/wp\/v2\/posts"}],"about":[{"href":"https:\/\/www.radiopresidenteibanez.cl\/web\/wp-json\/wp\/v2\/types\/post"}],"author":[{"embeddable":true,"href":"https:\/\/www.radiopresidenteibanez.cl\/web\/wp-json\/wp\/v2\/users\/2"}],"replies":[{"embeddable":true,"href":"https:\/\/www.radiopresidenteibanez.cl\/web\/wp-json\/wp\/v2\/comments?post=6415"}],"version-history":[{"count":0,"href":"https:\/\/www.radiopresidenteibanez.cl\/web\/wp-json\/wp\/v2\/posts\/6415\/revisions"}],"wp:featuredmedia":[{"embeddable":true,"href":"https:\/\/www.radiopresidenteibanez.cl\/web\/wp-json\/wp\/v2\/media\/6416"}],"wp:attachment":[{"href":"https:\/\/www.radiopresidenteibanez.cl\/web\/wp-json\/wp\/v2\/media?parent=6415"}],"wp:term":[{"taxonomy":"category","embeddable":true,"href":"https:\/\/www.radiopresidenteibanez.cl\/web\/wp-json\/wp\/v2\/categories?post=6415"},{"taxonomy":"post_tag","embeddable":true,"href":"https:\/\/www.radiopresidenteibanez.cl\/web\/wp-json\/wp\/v2\/tags?post=6415"}],"curies":[{"name":"wp","href":"https:\/\/api.w.org\/{rel}","templated":true}]}}