{"id":6397,"date":"2019-08-15T17:30:18","date_gmt":"2019-08-15T17:30:18","guid":{"rendered":"http:\/\/www.radiopresidenteibanez.cl\/web\/?p=6397"},"modified":"2019-08-15T17:30:26","modified_gmt":"2019-08-15T17:30:26","slug":"ministerio-de-la-mujer-lanza-plataforma-para-visibilizar-a-mujeres-en-cargos-de-alta-responsabilidad-en-la-region-de-magallanes","status":"publish","type":"post","link":"https:\/\/www.radiopresidenteibanez.cl\/web\/ministerio-de-la-mujer-lanza-plataforma-para-visibilizar-a-mujeres-en-cargos-de-alta-responsabilidad-en-la-region-de-magallanes\/","title":{"rendered":"MINISTERIO DE LA MUJER LANZA PLATAFORMA PARA VISIBILIZAR A MUJERES EN CARGOS DE ALTA RESPONSABILIDAD EN LA REGI\u00d3N DE MAGALLANES"},"content":{"rendered":"\n<p>El ministerio de la Mujer y la Equidad de G\u00e9nero, encabezado\npor la Subsecretaria de la cartera, Carolina Cuevas, lanz\u00f3 oficialmente la\nplataforma del Registro de Mujeres para Directorios en la ciudad de Punta\nArenas, regi\u00f3n de Magallanes. El evento se realiz\u00f3 en La Empresa Portuaria\nAustral y cont\u00f3 con la presencia del Intendente de la regi\u00f3n, Jos\u00e9 Fernandez,\nla Gerenta General de EPA, Patricia L\u00f3pez, la Seremi de la mujer, Patricia\nMackenney, y mujeres directoras y altos cargos de la empresa. El objetivo de\nesta iniciativa es aumentar la participaci\u00f3n de mujeres en cargos de alta\nresponsabilidad y visibilizar a mujeres disponibles para ejercer estos cargos.<\/p>\n\n\n\n<p>La creaci\u00f3n de este Registro es incrementar la participaci\u00f3n\nlaboral femenina que actualmente alcanza un 49% en Chile y aumentar su\npresencia en los directorios de nuestro pa\u00eds que actualmente alcanza el 8,5%\n(empresas IPSA).<\/p>\n\n\n\n<p>La Subsecretaria de la Mujer y la Equidad de G\u00e9nero, Carolina\nCuevas, asegur\u00f3 que \u201c\u00bbHoy, el lanzamiento de este Registro es\nreconocimiento a las mujeres magall\u00e1nicas por su empuje, por su esfuerzo, y\nporque a pesar de que est\u00e1n al final del mundo, tienen una visi\u00f3n del mundo\nintegral. Desde aqu\u00ed est\u00e1n dando una se\u00f1al importante de hacia donde queremos\nir y hacia donde queremos llegar a la mujer en Chile. Con este Registro y la\nplataforma online buscamos ampliar el espectro de mujeres que pueden ser parte\nde directorios, para que nunca m\u00e1s se diga en nuestro pa\u00eds que no hay mujeres\ndispuestas y calificadas para asumir cargos de alta responsabilidad\u201d. <\/p>\n\n\n\n<p>Hoy la plataforma cuenta con m\u00e1s de 400 mujeres que cumplen\ncon los criterios establecidos para ser parte del Registro y que fueron\npropuestos por diversas organizaciones de la sociedad civil y Head Hunters. &nbsp;<\/p>\n\n\n\n<p>Debido\nal \u00e9xito de la convocatoria, se decidi\u00f3 habilitar una plataforma web que estar\u00e1\ndisponible desde hoy para que las mujeres puedan inscribirse en forma\nindividual, siempre y cuando cumplan con los criterios exigidos. <\/p>\n\n\n\n<p>\u201cEl hecho de que una\nmujer sea parte de este registro, no implica necesariamente obtener un puesto\nasegurado a un directorio o cargo de alta responsabilidad. Lo que estamos\nhaciendo con este registro es \u00fanicamente visibilizar y poner a mujeres\npreparadas y disponibles para estos cargos, para que nunca sea una excusa decir\nque no existen mujeres aptas para este tipo de desaf\u00edos\u201d, se\u00f1al\u00f3 la\nsubsecretaria, quien agreg\u00f3 adem\u00e1s que \u201cal tener m\u00e1s mujeres en los directorios\npodremos avanzar de manera m\u00e1s r\u00e1pida y efectiva hacia una sociedad con equidad\nde g\u00e9nero en las empresas\u201d, enfatiz\u00f3.<\/p>\n\n\n\n<p>La creaci\u00f3n de\neste Registro tuvo tres etapas: En primer lugar, se levant\u00f3 informaci\u00f3n sobre\nactuales directoras de empresas SEP y empresas que reportan a la CMF, de manera\nde unificar esta informaci\u00f3n y contar con un registro de actuales directoras.\nLa segunda etapa consisti\u00f3 en un trabajo en conjunto con las principales\nempresas headhunters del pa\u00eds (Seminarium, Egon Zehnder, Humanitas, Boyden,\nSpencer Stuart, Transearch, Equation Partners, Korn Ferry, SommerGroup y\nStanton Chase) y el Servicio Civil para establecer los criterios de este\nregistro.<\/p>\n\n\n\n<p>Finalmente, la\ntercera etapa consiste en la habilitaci\u00f3n de una plataforma web, en donde\nmujeres, cumpliendo con los requisitos definidos, puedan inscribirse\nindividualmente para ser parte del Registro de Mujeres para Directorios,\ninformaci\u00f3n plasmada en el sitio web <a href=\"https:\/\/www.minmujeryeg.gob.cl\/registro_mujeres\/\"><strong>https:\/\/www.minmujeryeg.gob.cl\/registro_mujeres\/<\/strong><\/a><strong>.<\/strong><\/p>\n\n\n\n<p>Los\ncriterios consensuados para ser parte del registro y que se encuentran\ndetallados en la p\u00e1gina web son: la formaci\u00f3n acad\u00e9mica (t\u00edtulo profesional de\nuna carrera de al menos 8 semestres de duraci\u00f3n, otorgado por una universidad o\ninstituto profesional, o su equivalente en el extranjero), la experiencia\nprofesional, de al menos 10 a\u00f1os, y haber tenido posiciones relevantes de liderazgo\nen el sector privado, ONG, fundaciones y corporaciones, sector p\u00fablico,\nacademia, organizaciones internacionales y centros de estudios. Adem\u00e1s, de\ncontar con criterios de probidad e inhabilidad.<\/p>\n","protected":false},"excerpt":{"rendered":"<p>El ministerio de la Mujer y la Equidad de G\u00e9nero, encabezado por la Subsecretaria de la cartera, Carolina Cuevas, lanz\u00f3 oficialmente la plataforma del Registro de Mujeres para Directorios en&#8230; <a class=\"read-more\" href=\"https:\/\/www.radiopresidenteibanez.cl\/web\/ministerio-de-la-mujer-lanza-plataforma-para-visibilizar-a-mujeres-en-cargos-de-alta-responsabilidad-en-la-region-de-magallanes\/\">Leer m\u00e1s<\/a><\/p>\n","protected":false},"author":2,"featured_media":6398,"comment_status":"closed","ping_status":"closed","sticky":false,"template":"","format":"standard","meta":{"footnotes":""},"categories":[1],"tags":[],"class_list":["post-6397","post","type-post","status-publish","format-standard","has-post-thumbnail","hentry","category-cronica"],"_links":{"self":[{"href":"https:\/\/www.radiopresidenteibanez.cl\/web\/wp-json\/wp\/v2\/posts\/6397","targetHints":{"allow":["GET"]}}],"collection":[{"href":"https:\/\/www.radiopresidenteibanez.cl\/web\/wp-json\/wp\/v2\/posts"}],"about":[{"href":"https:\/\/www.radiopresidenteibanez.cl\/web\/wp-json\/wp\/v2\/types\/post"}],"author":[{"embeddable":true,"href":"https:\/\/www.radiopresidenteibanez.cl\/web\/wp-json\/wp\/v2\/users\/2"}],"replies":[{"embeddable":true,"href":"https:\/\/www.radiopresidenteibanez.cl\/web\/wp-json\/wp\/v2\/comments?post=6397"}],"version-history":[{"count":0,"href":"https:\/\/www.radiopresidenteibanez.cl\/web\/wp-json\/wp\/v2\/posts\/6397\/revisions"}],"wp:featuredmedia":[{"embeddable":true,"href":"https:\/\/www.radiopresidenteibanez.cl\/web\/wp-json\/wp\/v2\/media\/6398"}],"wp:attachment":[{"href":"https:\/\/www.radiopresidenteibanez.cl\/web\/wp-json\/wp\/v2\/media?parent=6397"}],"wp:term":[{"taxonomy":"category","embeddable":true,"href":"https:\/\/www.radiopresidenteibanez.cl\/web\/wp-json\/wp\/v2\/categories?post=6397"},{"taxonomy":"post_tag","embeddable":true,"href":"https:\/\/www.radiopresidenteibanez.cl\/web\/wp-json\/wp\/v2\/tags?post=6397"}],"curies":[{"name":"wp","href":"https:\/\/api.w.org\/{rel}","templated":true}]}}