{"id":6394,"date":"2019-08-15T17:19:56","date_gmt":"2019-08-15T17:19:56","guid":{"rendered":"http:\/\/www.radiopresidenteibanez.cl\/web\/?p=6394"},"modified":"2019-08-15T17:20:03","modified_gmt":"2019-08-15T17:20:03","slug":"alumnos-del-liceo-maria-behety-fueron-capacitados-en-el-uso-de-robots-submarinos","status":"publish","type":"post","link":"https:\/\/www.radiopresidenteibanez.cl\/web\/alumnos-del-liceo-maria-behety-fueron-capacitados-en-el-uso-de-robots-submarinos\/","title":{"rendered":"ALUMNOS DEL LICEO MAR\u00cdA BEHETY FUERON CAPACITADOS EN EL USO DE ROBOTS SUBMARINOS"},"content":{"rendered":"\n<p>Entusiasmados por\naprender una nueva t\u00e9cnica, iniciaron hace una semana un curso que los\ncertificar\u00eda como operadores de robots submarinos.<\/p>\n\n\n\n<p>El proceso lleg\u00f3 a\nsu fin. 50 horas te\u00f3ricas y pr\u00e1cticas, en las que ni las condiciones clim\u00e1ticas,\nni la gran cantidad de contenidos, fueron impedimento para aprobar la capacitaci\u00f3n\nSence.<\/p>\n\n\n\n<p>Desde hoy 20 j\u00f3venes\nde la carrera de acuicultura del Liceo Mar\u00eda Behety contaran con una nueva\nherramienta para desempe\u00f1arse en el mundo laboral. <\/p>\n\n\n\n<p>\u201cLa educaci\u00f3n es el\nmejor aporte que podemos dar a nuestros j\u00f3venes. En este caso ellos realizaron\nun curso pr\u00e1ctico y te\u00f3rico, donde aprendieron de automatizaci\u00f3n, a manejar\nequipos robotizados, que es una tarea s\u00faper relevante en la acuicultura\nmoderna. Esto evita tener muchas horas de buzo bajo el agua, y por lo tanto\nmejora el est\u00e1ndar de seguridad en la industria, que adem\u00e1s para nosotros es\nuno de los pilares esenciales, as\u00ed que estamos capacitando, estamos dando\nseguridad y estamos ense\u00f1ando herramientas que les van a servir en nuestra\nempresa como en otras, as\u00ed que estamos s\u00faper contentos\u201d, manifest\u00f3 el Gerente\nde Salmones XII Regi\u00f3n BluRiver, Ignacio Covacevich.<\/p>\n\n\n\n<p>Nada de esto hubiese\nsido posible sin la colaboraci\u00f3n de la Empresa Portuaria Austral, que facilit\u00f3\nlas instalaciones del Muelle Mardones para que los j\u00f3venes practiquen. Tampoco habr\u00edan\nfinalizado exitosamente este curso sin el apoyo de t\u00e9cnicos de la empresa\nPatagonia ROV, quienes les traspasaron todos sus conocimientos.<\/p>\n\n\n\n<p>\u201cLas tecnolog\u00edas\nsirven como apoyo, m\u00e1s a ellos que est\u00e1n saliendo como T\u00e9cnicos Acu\u00edcolas. Es\nimportante que conozcan los nuevos equipos, lo que pueden hacer estos equipos\nen \u00e1reas como la salmonicultura, tambi\u00e9n se puede prestar apoyo en estudios\noceanogr\u00e1ficos, medioambiente, muchas cosas\u201d, resalt\u00f3, H\u00e9ctor Catal\u00e1n,\nEncargado de Log\u00edstica y Adquisiciones Patagonia ROV, que colabor\u00f3 como\ninstructor del curso.<\/p>\n\n\n\n<p>Los j\u00f3venes\nrecibieron sus diplomas durante la ceremonia de certificaci\u00f3n en la que\nparticiparon docentes, apoderados y familiares de los alumnos, quienes\nestuvieron acompa\u00f1ados por ejecutivos de las empresas involucradas y el alcalde\nde la comuna y presidente de la Corporaci\u00f3n Municipal, Claudio Radonich.<\/p>\n\n\n\n<p>\u201cQuiero destacar que\nhace algunos a\u00f1os, cuando comenz\u00f3 esta industria de manera muy fuerte en\nnuestra Regi\u00f3n, la mayor\u00eda de los trabajadores ven\u00eda del norte de Chile, de\nAys\u00e9n o de Chilo\u00e9. Hoy estamos provocando que una generaci\u00f3n importante de\nalumnos magall\u00e1nicos, pueda estudiar esta carrera y trabajar en la misma Regi\u00f3n,\ny eso es muy importante, as\u00ed que estamos muy contentos; y por cierto, respecto\na las empresas salmonicultoras, estamos muy claros que hay que respetar las\nnormas, mientras las cumplan ser\u00e1n muy bienvenidas, y este es un muy buen\nejemplo de involucrase con la sociedad civil, con los vecinos, pero sobretodo,\nalgo tan importante como que nuestros ni\u00f1os de esta generaci\u00f3n ahora est\u00e1n\nmejor preparados, mejor formados y con mayor empleabilidad\u201d, recalc\u00f3 el edil.<\/p>\n\n\n\n<p>Es importante\ndestacar, que el curso se concret\u00f3 gracias a la alianza p\u00fablico &#8211; privada que\nexiste entre el Liceo Mar\u00eda Behety y BluRiver, que est\u00e1n trabajando en conjunto\ndesde el 2018, y que permitir\u00e1 que este a\u00f1o los alumnos de cuarto medio de la\nespecialidad salgan del establecimiento con dos cursos para desempe\u00f1arse en\ndiversos procesos que se realizan en la industria.<\/p>\n","protected":false},"excerpt":{"rendered":"<p>Entusiasmados por aprender una nueva t\u00e9cnica, iniciaron hace una semana un curso que los certificar\u00eda como operadores de robots submarinos. El proceso lleg\u00f3 a su fin. 50 horas te\u00f3ricas y&#8230; <a class=\"read-more\" href=\"https:\/\/www.radiopresidenteibanez.cl\/web\/alumnos-del-liceo-maria-behety-fueron-capacitados-en-el-uso-de-robots-submarinos\/\">Leer m\u00e1s<\/a><\/p>\n","protected":false},"author":2,"featured_media":6395,"comment_status":"closed","ping_status":"closed","sticky":false,"template":"","format":"standard","meta":{"footnotes":""},"categories":[1],"tags":[],"class_list":["post-6394","post","type-post","status-publish","format-standard","has-post-thumbnail","hentry","category-cronica"],"_links":{"self":[{"href":"https:\/\/www.radiopresidenteibanez.cl\/web\/wp-json\/wp\/v2\/posts\/6394","targetHints":{"allow":["GET"]}}],"collection":[{"href":"https:\/\/www.radiopresidenteibanez.cl\/web\/wp-json\/wp\/v2\/posts"}],"about":[{"href":"https:\/\/www.radiopresidenteibanez.cl\/web\/wp-json\/wp\/v2\/types\/post"}],"author":[{"embeddable":true,"href":"https:\/\/www.radiopresidenteibanez.cl\/web\/wp-json\/wp\/v2\/users\/2"}],"replies":[{"embeddable":true,"href":"https:\/\/www.radiopresidenteibanez.cl\/web\/wp-json\/wp\/v2\/comments?post=6394"}],"version-history":[{"count":0,"href":"https:\/\/www.radiopresidenteibanez.cl\/web\/wp-json\/wp\/v2\/posts\/6394\/revisions"}],"wp:featuredmedia":[{"embeddable":true,"href":"https:\/\/www.radiopresidenteibanez.cl\/web\/wp-json\/wp\/v2\/media\/6395"}],"wp:attachment":[{"href":"https:\/\/www.radiopresidenteibanez.cl\/web\/wp-json\/wp\/v2\/media?parent=6394"}],"wp:term":[{"taxonomy":"category","embeddable":true,"href":"https:\/\/www.radiopresidenteibanez.cl\/web\/wp-json\/wp\/v2\/categories?post=6394"},{"taxonomy":"post_tag","embeddable":true,"href":"https:\/\/www.radiopresidenteibanez.cl\/web\/wp-json\/wp\/v2\/tags?post=6394"}],"curies":[{"name":"wp","href":"https:\/\/api.w.org\/{rel}","templated":true}]}}