{"id":6353,"date":"2019-08-13T23:30:53","date_gmt":"2019-08-13T23:30:53","guid":{"rendered":"http:\/\/www.radiopresidenteibanez.cl\/web\/?p=6353"},"modified":"2019-08-13T23:30:59","modified_gmt":"2019-08-13T23:30:59","slug":"agrupacion-folclorica-esencias-de-mi-tierra-representara-a-chile-en-el-festival-de-arequipa-2019-en-peru","status":"publish","type":"post","link":"https:\/\/www.radiopresidenteibanez.cl\/web\/agrupacion-folclorica-esencias-de-mi-tierra-representara-a-chile-en-el-festival-de-arequipa-2019-en-peru\/","title":{"rendered":"AGRUPACI\u00d3N FOLCL\u00d3RICA \u201cESENCIAS DE MI TIERRA\u201d REPRESENTAR\u00c1 A CHILE EN EL FESTIVAL DE AREQUIPA 2019 EN PER\u00da"},"content":{"rendered":"\n<p>La delegaci\u00f3n compuesta por cerca de 30 bailarines, trabajaran\npor dejar en alto las danzas patag\u00f3nicas y por sobre todo el nombre de Chile y\nla regi\u00f3n de Magallanes en el festival que se realizar\u00e1 en una de las ciudades\nde Arequipa.<\/p>\n","protected":false},"excerpt":{"rendered":"<p>La delegaci\u00f3n compuesta por cerca de 30 bailarines, trabajaran por dejar en alto las danzas patag\u00f3nicas y por sobre todo el nombre de Chile y la regi\u00f3n de Magallanes en&#8230; <a class=\"read-more\" href=\"https:\/\/www.radiopresidenteibanez.cl\/web\/agrupacion-folclorica-esencias-de-mi-tierra-representara-a-chile-en-el-festival-de-arequipa-2019-en-peru\/\">Leer m\u00e1s<\/a><\/p>\n","protected":false},"author":2,"featured_media":6354,"comment_status":"closed","ping_status":"closed","sticky":false,"template":"","format":"standard","meta":{"footnotes":""},"categories":[1],"tags":[],"class_list":["post-6353","post","type-post","status-publish","format-standard","has-post-thumbnail","hentry","category-cronica"],"_links":{"self":[{"href":"https:\/\/www.radiopresidenteibanez.cl\/web\/wp-json\/wp\/v2\/posts\/6353","targetHints":{"allow":["GET"]}}],"collection":[{"href":"https:\/\/www.radiopresidenteibanez.cl\/web\/wp-json\/wp\/v2\/posts"}],"about":[{"href":"https:\/\/www.radiopresidenteibanez.cl\/web\/wp-json\/wp\/v2\/types\/post"}],"author":[{"embeddable":true,"href":"https:\/\/www.radiopresidenteibanez.cl\/web\/wp-json\/wp\/v2\/users\/2"}],"replies":[{"embeddable":true,"href":"https:\/\/www.radiopresidenteibanez.cl\/web\/wp-json\/wp\/v2\/comments?post=6353"}],"version-history":[{"count":0,"href":"https:\/\/www.radiopresidenteibanez.cl\/web\/wp-json\/wp\/v2\/posts\/6353\/revisions"}],"wp:featuredmedia":[{"embeddable":true,"href":"https:\/\/www.radiopresidenteibanez.cl\/web\/wp-json\/wp\/v2\/media\/6354"}],"wp:attachment":[{"href":"https:\/\/www.radiopresidenteibanez.cl\/web\/wp-json\/wp\/v2\/media?parent=6353"}],"wp:term":[{"taxonomy":"category","embeddable":true,"href":"https:\/\/www.radiopresidenteibanez.cl\/web\/wp-json\/wp\/v2\/categories?post=6353"},{"taxonomy":"post_tag","embeddable":true,"href":"https:\/\/www.radiopresidenteibanez.cl\/web\/wp-json\/wp\/v2\/tags?post=6353"}],"curies":[{"name":"wp","href":"https:\/\/api.w.org\/{rel}","templated":true}]}}