{"id":6349,"date":"2019-08-12T21:53:27","date_gmt":"2019-08-12T21:53:27","guid":{"rendered":"http:\/\/www.radiopresidenteibanez.cl\/web\/?p=6349"},"modified":"2019-08-12T21:53:32","modified_gmt":"2019-08-12T21:53:32","slug":"bluriver-se-suma-a-la-conmemoracion-de-los-500-anos-del-descubrimiento-del-estrecho-de-magallanes","status":"publish","type":"post","link":"https:\/\/www.radiopresidenteibanez.cl\/web\/bluriver-se-suma-a-la-conmemoracion-de-los-500-anos-del-descubrimiento-del-estrecho-de-magallanes\/","title":{"rendered":"BLURIVER SE SUMA A LA CONMEMORACI\u00d3N DE LOS 500 A\u00d1OS DEL DESCUBRIMIENTO DEL ESTRECHO DE MAGALLANES"},"content":{"rendered":"\n<p>Como una forma de afianzar el v\u00ednculo que une a la\nempresa con Magallanes, y &nbsp;como parte de su\nobjetivo &nbsp;de involucrase en proyectos que generan\nimpacto positivo para la Regi\u00f3n, BluRiver firm\u00f3 un convenio de colaboraci\u00f3n con\nla Ilustre Municipalidad de Punta Arenas para participar de la conmemoraci\u00f3n de\nlos 500 a\u00f1os del Descubrimiento del Estrecho.<\/p>\n\n\n\n<p>La empresa sell\u00f3 su\ncompromiso con esta celebraci\u00f3n hist\u00f3rica, aportando con el financiamiento de un\nlibro infantil, que relatar\u00e1 a trav\u00e9s de ilustraciones la traves\u00eda del\nnavegante portugu\u00e9s, convirti\u00e9ndose en uno de los 8 tomos que forma parte de la\ncolecci\u00f3n bibliogr\u00e1fica impulsada por el\nmunicipio.<\/p>\n\n\n\n<p>El Gerente de BluRiver, Ignacio Covacevich, destac\u00f3:\n\u201cnuestra empresa lleva dos a\u00f1os &nbsp;operando\ncon faenas a orillas del estrecho, por ello no hemos querido estar ausentes de\neste evento que es muy importante para todos los que formamos parte de esta\nRegi\u00f3n, y que mejor que plasmar nuestro aporte en este libro que relatar\u00e1 la\ntraves\u00eda de Magallanes contada por ni\u00f1os a otros ni\u00f1os de nuestra regi\u00f3n y del\nresto de Chile\u201d.<\/p>\n\n\n\n<p>A esta alianza p\u00fablico-\nprivada se sumar\u00e1 la Escuela Especial Club de Leones Cruz del Sur, que &nbsp;jugar\u00e1 un rol relevante, aportando&nbsp; con &nbsp;dibujos de los ni\u00f1os y ni\u00f1as que asisten, poniendo \u00e9nfasis en que la discapacidad que padec\u00eda &nbsp;Hernando de Magallanes no fue impedimento para\nrealizar la traves\u00eda.<\/p>\n\n\n\n<p>\u201cEstamos\nmuy contentos con este aporte, que permitir\u00e1 la edici\u00f3n de este cuarto libro\nque es muy especial para nosotros, ya que est\u00e1 pensado en los ni\u00f1os, para que\npuedan aprender a trav\u00e9s de ilustraciones, de una forma did\u00e1ctica lo que es la\nhistoria de nuestro estrecho\u201d, manifest\u00f3 el Alcalde Claudio Radonich, quien\nadem\u00e1s destac\u00f3 el trabajo colaborativo que se generar\u00e1 entre autores\nregionales&nbsp; y los ni\u00f1os de la Escuela\nEspecial Club de Leones Cruz del Sur. <\/p>\n\n\n\n<p>En tanto,\nAsterio Andrade, director ejecutivo de la Corporaci\u00f3n de Rehabilitaci\u00f3n Club de\nLeones Cruz del Sur, manifest\u00f3: \u201ccomo Corporaci\u00f3n estamos muy felices de ser\nconvocados a esta instancia, en la que nuestros ni\u00f1os y ni\u00f1as ser\u00e1n quienes\ncreen las ilustraciones del libro. Para eso contaremos con talleres, que\npermitir\u00e1n conocer la historia de Hernando de Magallanes, poniendo acento en la\ndiscapacidad que presentaba. Recordemos que Magallanes, producto de una\nbatalla, perdi\u00f3 parcialmente la movilidad de una pierna. Pese a esa\ndiscapacidad, que en aquellos a\u00f1os era m\u00e1s complicada de superar, logr\u00f3 llegar\na lugares donde no hab\u00eda llegado el hombre occidental y pudo hacer una de las\nmayores haza\u00f1as de su \u00e9poca. Un&nbsp; mensaje\nque sigue teniendo mucha vigencia hoy, mucho m\u00e1s para los ni\u00f1os y ni\u00f1as en\nsituaci\u00f3n de discapacidad\u201d.<\/p>\n\n\n\n<p>Se espera\nque el libro est\u00e9 finalizado en el mes de marzo, cuando se inicie el a\u00f1o\nescolar 2020, transform\u00e1ndose as\u00ed en parte de la bibliograf\u00eda de los colegios\nde Magallanes y del resto de Chile. &nbsp;&nbsp;<\/p>\n","protected":false},"excerpt":{"rendered":"<p>Como una forma de afianzar el v\u00ednculo que une a la empresa con Magallanes, y &nbsp;como parte de su objetivo &nbsp;de involucrase en proyectos que generan impacto positivo para la&#8230; <a class=\"read-more\" href=\"https:\/\/www.radiopresidenteibanez.cl\/web\/bluriver-se-suma-a-la-conmemoracion-de-los-500-anos-del-descubrimiento-del-estrecho-de-magallanes\/\">Leer m\u00e1s<\/a><\/p>\n","protected":false},"author":2,"featured_media":6350,"comment_status":"closed","ping_status":"closed","sticky":false,"template":"","format":"standard","meta":{"footnotes":""},"categories":[1],"tags":[],"class_list":["post-6349","post","type-post","status-publish","format-standard","has-post-thumbnail","hentry","category-cronica"],"_links":{"self":[{"href":"https:\/\/www.radiopresidenteibanez.cl\/web\/wp-json\/wp\/v2\/posts\/6349","targetHints":{"allow":["GET"]}}],"collection":[{"href":"https:\/\/www.radiopresidenteibanez.cl\/web\/wp-json\/wp\/v2\/posts"}],"about":[{"href":"https:\/\/www.radiopresidenteibanez.cl\/web\/wp-json\/wp\/v2\/types\/post"}],"author":[{"embeddable":true,"href":"https:\/\/www.radiopresidenteibanez.cl\/web\/wp-json\/wp\/v2\/users\/2"}],"replies":[{"embeddable":true,"href":"https:\/\/www.radiopresidenteibanez.cl\/web\/wp-json\/wp\/v2\/comments?post=6349"}],"version-history":[{"count":0,"href":"https:\/\/www.radiopresidenteibanez.cl\/web\/wp-json\/wp\/v2\/posts\/6349\/revisions"}],"wp:featuredmedia":[{"embeddable":true,"href":"https:\/\/www.radiopresidenteibanez.cl\/web\/wp-json\/wp\/v2\/media\/6350"}],"wp:attachment":[{"href":"https:\/\/www.radiopresidenteibanez.cl\/web\/wp-json\/wp\/v2\/media?parent=6349"}],"wp:term":[{"taxonomy":"category","embeddable":true,"href":"https:\/\/www.radiopresidenteibanez.cl\/web\/wp-json\/wp\/v2\/categories?post=6349"},{"taxonomy":"post_tag","embeddable":true,"href":"https:\/\/www.radiopresidenteibanez.cl\/web\/wp-json\/wp\/v2\/tags?post=6349"}],"curies":[{"name":"wp","href":"https:\/\/api.w.org\/{rel}","templated":true}]}}