{"id":6346,"date":"2019-08-12T21:49:45","date_gmt":"2019-08-12T21:49:45","guid":{"rendered":"http:\/\/www.radiopresidenteibanez.cl\/web\/?p=6346"},"modified":"2019-08-12T21:49:52","modified_gmt":"2019-08-12T21:49:52","slug":"trabajadora-de-enap-magallanes-es-premiada-como-mujer-minera-2019","status":"publish","type":"post","link":"https:\/\/www.radiopresidenteibanez.cl\/web\/trabajadora-de-enap-magallanes-es-premiada-como-mujer-minera-2019\/","title":{"rendered":"TRABAJADORA DE ENAP MAGALLANES ES PREMIADA COMO MUJER MINERA 2019"},"content":{"rendered":"\n<p>Muy emocionada y orgullosa de lo\nque ha conseguido hacer durante los 5 a\u00f1os que lleva en la empresa, <strong>Valeria Vel\u00e1squez Aguilar,<\/strong> inspectora\nde Contratos de ENAP Magallanes fue una de las dos trabajadoras de la regi\u00f3n\ndistinguidas este lunes por el Gobierno Regional como Mujer Minera 2019.<\/p>\n\n\n\n<p>Acompa\u00f1ada de su esposo, dos de\nsus hijos y su nieto, Valeria lleg\u00f3 hasta el sal\u00f3n Nelda Panicucci para recibir\nde manos del Intendente <strong>Jos\u00e9 Fern\u00e1ndez<\/strong>\nuna distinci\u00f3n por el trabajo que ha realizado en terreno, demostrando todas\nlas capacidades y el aporte que significan las mujeres en las faenas mineras y,\nen este caso, de hidrocarburos. \u201cEstoy muy contenta, muy emocionada, porque es\nun premio al trabajo que hago diariamente, es lindo que lo reconozcan. Nosotros\ncomo Construcciones, somos an\u00f3nimos pr\u00e1cticamente, pero partimos de cero en los\nproyectos, somos transversales. Es un premio para m\u00ed y para todos los que\ntrabajamos en esta \u00e1rea. Faltan m\u00e1s mujeres de terreno, que se motiven. Yo soy\nla \u00fanica mujer en mi \u00e1rea, pero las invito a que se sumen\u201d, manifest\u00f3 Valeria. <\/p>\n\n\n\n<p>La actividad -organizada todos\nlos a\u00f1os por la mesa regional de Mujer y Miner\u00eda en el marco del D\u00eda del Minero-\nfue encabezada por los Seremis de Miner\u00eda y de la Mujer, <strong>Carlos Quezada y Patricia Mackenney<\/strong>, respectivamente. \u201cEsto ha sido\nconsecuencia de todo un a\u00f1o de trabajo. En la Mesa siempre estamos tratando de\nrelevar a las mujeres en rubros que tradicionalmente han sido realizados por\nhombres, como miner\u00eda. Nuestro inter\u00e9s justamente es que las mujeres se\nintegren cada vez m\u00e1s\u201d, expres\u00f3 la Seremi Mackenney. <\/p>\n\n\n\n<p>A la actividad asistieron el\ngerente de ENAP Magallanes, <strong>Rodrigo\nBustamante<\/strong>; y el presidente del Sindicato de Trabajadores, <strong>Alejandro Avenda\u00f1o<\/strong>. \u201cPara ENAP es\nsumamente relevante que reconozcan a la mujer en el desarrollo de la industria\nminera, porque demuestra que estamos llevando a cabo todas nuestras pol\u00edticas, que\nla mujer es un aporte super relevante y que como empresa vamos en ese camino\u201d,\nexpres\u00f3 Bustamante.<\/p>\n\n\n\n<p>Tanto la gerencia como el\nSindicato de Trabajadores destacaron la historia de Valeria ligada a la\nempresa, siendo hija de un ex funcionario. \u201cElla naci\u00f3 en un campamento\npetrolero, estudi\u00f3, incluso estuvo en el internado de Cerro Sombrero, por lo\ntanto, es un orgullo que haya sido nuestra representante en esta premiaci\u00f3n.\nMuy contentos y felices con este reconocimiento\u201d, expres\u00f3 Avenda\u00f1o. <\/p>\n\n\n\n<p>Adem\u00e1s de Valeria, este a\u00f1o el\nGobierno premi\u00f3 a <strong>Macarena Hern\u00e1ndez,<\/strong>\nOperaria de Bodega y presidenta del Sindicato de Trabajadores de Mina Invierno.\n\u201cEs super importante el reconocimiento, sobre todo para mis pap\u00e1s e hijos es\nimportante ver que el esfuerzo que hay detr\u00e1s se reconoce. Yo soy feliz, amo lo\nque hago y estoy estudiando para perfeccionarme. Ojal\u00e1 que otras mujeres tomen\ntodas las oportunidades que se les ofrecen; hoy en d\u00eda la sociedad est\u00e1\ncambiando y todos tenemos las capacidades para desenvolvernos en cualquier\n\u00e1mbito\u201d, enfatiz\u00f3 Macarena. <\/p>\n","protected":false},"excerpt":{"rendered":"<p>Muy emocionada y orgullosa de lo que ha conseguido hacer durante los 5 a\u00f1os que lleva en la empresa, Valeria Vel\u00e1squez Aguilar, inspectora de Contratos de ENAP Magallanes fue una&#8230; <a class=\"read-more\" href=\"https:\/\/www.radiopresidenteibanez.cl\/web\/trabajadora-de-enap-magallanes-es-premiada-como-mujer-minera-2019\/\">Leer m\u00e1s<\/a><\/p>\n","protected":false},"author":2,"featured_media":6347,"comment_status":"closed","ping_status":"closed","sticky":false,"template":"","format":"standard","meta":{"footnotes":""},"categories":[1],"tags":[],"class_list":["post-6346","post","type-post","status-publish","format-standard","has-post-thumbnail","hentry","category-cronica"],"_links":{"self":[{"href":"https:\/\/www.radiopresidenteibanez.cl\/web\/wp-json\/wp\/v2\/posts\/6346","targetHints":{"allow":["GET"]}}],"collection":[{"href":"https:\/\/www.radiopresidenteibanez.cl\/web\/wp-json\/wp\/v2\/posts"}],"about":[{"href":"https:\/\/www.radiopresidenteibanez.cl\/web\/wp-json\/wp\/v2\/types\/post"}],"author":[{"embeddable":true,"href":"https:\/\/www.radiopresidenteibanez.cl\/web\/wp-json\/wp\/v2\/users\/2"}],"replies":[{"embeddable":true,"href":"https:\/\/www.radiopresidenteibanez.cl\/web\/wp-json\/wp\/v2\/comments?post=6346"}],"version-history":[{"count":0,"href":"https:\/\/www.radiopresidenteibanez.cl\/web\/wp-json\/wp\/v2\/posts\/6346\/revisions"}],"wp:featuredmedia":[{"embeddable":true,"href":"https:\/\/www.radiopresidenteibanez.cl\/web\/wp-json\/wp\/v2\/media\/6347"}],"wp:attachment":[{"href":"https:\/\/www.radiopresidenteibanez.cl\/web\/wp-json\/wp\/v2\/media?parent=6346"}],"wp:term":[{"taxonomy":"category","embeddable":true,"href":"https:\/\/www.radiopresidenteibanez.cl\/web\/wp-json\/wp\/v2\/categories?post=6346"},{"taxonomy":"post_tag","embeddable":true,"href":"https:\/\/www.radiopresidenteibanez.cl\/web\/wp-json\/wp\/v2\/tags?post=6346"}],"curies":[{"name":"wp","href":"https:\/\/api.w.org\/{rel}","templated":true}]}}