{"id":6343,"date":"2019-08-12T21:46:11","date_gmt":"2019-08-12T21:46:11","guid":{"rendered":"http:\/\/www.radiopresidenteibanez.cl\/web\/?p=6343"},"modified":"2019-08-12T21:46:16","modified_gmt":"2019-08-12T21:46:16","slug":"comenzo-la-venta-de-entradas-para-el-festival-de-la-patagonia-2019","status":"publish","type":"post","link":"https:\/\/www.radiopresidenteibanez.cl\/web\/comenzo-la-venta-de-entradas-para-el-festival-de-la-patagonia-2019\/","title":{"rendered":"COMENZ\u00d3 LA VENTA DE ENTRADAS PARA EL FESTIVAL DE LA PATAGONIA 2019"},"content":{"rendered":"\n<p> Con la pol\u00e9mica de las transmisiones de radio y televisi\u00f3n con los humoristas, comenz\u00f3 ayer la venta de entradas para la versi\u00f3n 39 del festival folcl\u00f3rico en la Patagonia, recordar que un 50 por ciento de la entradas ser\u00e1n vendidas por Internet a trav\u00e9s de la p\u00e1gina\u00a0<a rel=\"noreferrer noopener\" href=\"http:\/\/megaticket.cl\/\" target=\"_blank\">megaticket.cl<\/a>\u00a0y el resto presencial en el teatro Jos\u00e9 Borh, <\/p>\n","protected":false},"excerpt":{"rendered":"<p>Con la pol\u00e9mica de las transmisiones de radio y televisi\u00f3n con los humoristas, comenz\u00f3 ayer la venta de entradas para la versi\u00f3n 39 del festival folcl\u00f3rico en la Patagonia, recordar&#8230; <a class=\"read-more\" href=\"https:\/\/www.radiopresidenteibanez.cl\/web\/comenzo-la-venta-de-entradas-para-el-festival-de-la-patagonia-2019\/\">Leer m\u00e1s<\/a><\/p>\n","protected":false},"author":2,"featured_media":6344,"comment_status":"closed","ping_status":"closed","sticky":false,"template":"","format":"standard","meta":{"footnotes":""},"categories":[1],"tags":[],"class_list":["post-6343","post","type-post","status-publish","format-standard","has-post-thumbnail","hentry","category-cronica"],"_links":{"self":[{"href":"https:\/\/www.radiopresidenteibanez.cl\/web\/wp-json\/wp\/v2\/posts\/6343","targetHints":{"allow":["GET"]}}],"collection":[{"href":"https:\/\/www.radiopresidenteibanez.cl\/web\/wp-json\/wp\/v2\/posts"}],"about":[{"href":"https:\/\/www.radiopresidenteibanez.cl\/web\/wp-json\/wp\/v2\/types\/post"}],"author":[{"embeddable":true,"href":"https:\/\/www.radiopresidenteibanez.cl\/web\/wp-json\/wp\/v2\/users\/2"}],"replies":[{"embeddable":true,"href":"https:\/\/www.radiopresidenteibanez.cl\/web\/wp-json\/wp\/v2\/comments?post=6343"}],"version-history":[{"count":0,"href":"https:\/\/www.radiopresidenteibanez.cl\/web\/wp-json\/wp\/v2\/posts\/6343\/revisions"}],"wp:featuredmedia":[{"embeddable":true,"href":"https:\/\/www.radiopresidenteibanez.cl\/web\/wp-json\/wp\/v2\/media\/6344"}],"wp:attachment":[{"href":"https:\/\/www.radiopresidenteibanez.cl\/web\/wp-json\/wp\/v2\/media?parent=6343"}],"wp:term":[{"taxonomy":"category","embeddable":true,"href":"https:\/\/www.radiopresidenteibanez.cl\/web\/wp-json\/wp\/v2\/categories?post=6343"},{"taxonomy":"post_tag","embeddable":true,"href":"https:\/\/www.radiopresidenteibanez.cl\/web\/wp-json\/wp\/v2\/tags?post=6343"}],"curies":[{"name":"wp","href":"https:\/\/api.w.org\/{rel}","templated":true}]}}