{"id":63234,"date":"2026-03-17T18:49:00","date_gmt":"2026-03-17T21:49:00","guid":{"rendered":"https:\/\/www.radiopresidenteibanez.cl\/web\/?p=63234"},"modified":"2026-03-17T16:22:28","modified_gmt":"2026-03-17T19:22:28","slug":"convocan-a-estudiantes-y-docentes-de-la-region-de-magallanes-y-la-antartica-chilena-a-participar-en-concurso-de-educacion-ambiental","status":"publish","type":"post","link":"https:\/\/www.radiopresidenteibanez.cl\/web\/convocan-a-estudiantes-y-docentes-de-la-region-de-magallanes-y-la-antartica-chilena-a-participar-en-concurso-de-educacion-ambiental\/","title":{"rendered":"Convocan a estudiantes y docentes de la regi\u00f3n de Magallanes y la Ant\u00e1rtica Chilena a participar en concurso de educaci\u00f3n ambiental"},"content":{"rendered":"\n<p>Ya se encuentra abierta la convocatoria para participar en la quinta versi\u00f3n del <strong>Concurso <em>Explorando mi Entorno<\/em><\/strong>, una iniciativa de educaci\u00f3n ambiental dirigida a docentes y estudiantes <strong>de 6\u00ba a 8\u00ba b\u00e1sico<\/strong>, organizada por el <strong>Centro UC de Desarrollo Local (CEDEL UC)<\/strong> y <strong>Fundaci\u00f3n Ib\u00e1\u00f1ez Atkinson<\/strong>.<\/p>\n\n\n\n<p>El concurso invita a docentes de cualquier asignatura a inscribir a sus cursos para desarrollar una indagaci\u00f3n en torno a un ecosistema local, identificando sus caracter\u00edsticas, problem\u00e1ticas y oportunidades de cuidado, y plasmando su proyecto socioecol\u00f3gico en un video creativo de tres minutos.<\/p>\n\n\n\n<p>La convocatoria est\u00e1 dirigida a establecimientos educacionales de las regiones de <strong>Arica y Parinacota, Tarapac\u00e1, Atacama, Coquimbo, Valpara\u00edso, Metropolitana, O\u2019Higgins, Maule, Biob\u00edo, La Araucan\u00eda, Los R\u00edos, Ays\u00e9n, y Magallanes y la Ant\u00e1rtica Chilena.<\/strong><strong><\/strong><\/p>\n\n\n\n<p>Los cursos inscritos contar\u00e1n con un plazo aproximado de cinco meses para desarrollar sus proyectos, per\u00edodo en el que tendr\u00e1n acceso a material de apoyo y seguimiento permanente por parte del equipo organizador.<\/p>\n\n\n\n<p>Como reconocimiento, los cursos ganadores obtendr\u00e1n una experiencia educativa de conexi\u00f3n con la naturaleza en un entorno de su propia regi\u00f3n.<\/p>\n\n\n\n<p>Desde su creaci\u00f3n en 2022, <em>Explorando mi Entorno<\/em> ha convocado a m\u00e1s de 5.000 estudiantes y 380 docentes de distintas zonas del pa\u00eds, dando origen a m\u00e1s de <strong>280 proyectos socioecol\u00f3gicos, disponibles de forma abierta en <\/strong><a href=\"http:\/\/www.explorandomientorno.cl\"><strong>www.explorandomientorno.cl<\/strong><\/a>.<\/p>\n\n\n\n<p>Las bases del concurso y el formulario de inscripci\u00f3n se encuentran disponibles en el mismo sitio web. El plazo para <strong>postular finaliza el pr\u00f3ximo 25 de marzo.<\/strong><\/p>\n\n\n\n<p><strong>Educaci\u00f3n ambiental y aprendizaje socioecol\u00f3gico<\/strong><strong><\/strong><\/p>\n\n\n\n<p>Explorando mi Entorno busca fortalecer el aprendizaje social, cultural y ecol\u00f3gico en las comunidades educativas, promoviendo la valoraci\u00f3n de los ecosistemas y su biodiversidad, as\u00ed como la identificaci\u00f3n de desaf\u00edos locales y posibles soluciones para una vida m\u00e1s sustentable.<\/p>\n\n\n\n<p>Asimismo, el concurso fomenta el uso de estrategias innovadoras de ense\u00f1anza y aprendizaje, potenciando el desarrollo de competencias cient\u00edficas, tecnol\u00f3gicas y socioemocionales a trav\u00e9s de experiencias de aprendizaje al aire libre.<\/p>\n\n\n\n<p>En la edici\u00f3n 2025, el primer lugar lo obtuvo el Colegio A-Lafken de Penco, de la regi\u00f3n del Biob\u00edo. Su proyecto, junto a las bases de la convocatoria vigente, puede revisarse en <a href=\"http:\/\/www.explorandomientorno.cl\">www.explorandomientorno.cl<\/a>.<strong><\/strong><\/p>\n","protected":false},"excerpt":{"rendered":"<p>Ya se encuentra abierta la convocatoria para participar en la quinta versi\u00f3n del Concurso Explorando mi Entorno, una iniciativa de educaci\u00f3n ambiental dirigida a docentes y estudiantes de 6\u00ba a&#8230; <a class=\"read-more\" href=\"https:\/\/www.radiopresidenteibanez.cl\/web\/convocan-a-estudiantes-y-docentes-de-la-region-de-magallanes-y-la-antartica-chilena-a-participar-en-concurso-de-educacion-ambiental\/\">Leer m\u00e1s<\/a><\/p>\n","protected":false},"author":2,"featured_media":63235,"comment_status":"closed","ping_status":"closed","sticky":false,"template":"","format":"standard","meta":{"footnotes":""},"categories":[1],"tags":[],"class_list":["post-63234","post","type-post","status-publish","format-standard","has-post-thumbnail","hentry","category-cronica"],"_links":{"self":[{"href":"https:\/\/www.radiopresidenteibanez.cl\/web\/wp-json\/wp\/v2\/posts\/63234","targetHints":{"allow":["GET"]}}],"collection":[{"href":"https:\/\/www.radiopresidenteibanez.cl\/web\/wp-json\/wp\/v2\/posts"}],"about":[{"href":"https:\/\/www.radiopresidenteibanez.cl\/web\/wp-json\/wp\/v2\/types\/post"}],"author":[{"embeddable":true,"href":"https:\/\/www.radiopresidenteibanez.cl\/web\/wp-json\/wp\/v2\/users\/2"}],"replies":[{"embeddable":true,"href":"https:\/\/www.radiopresidenteibanez.cl\/web\/wp-json\/wp\/v2\/comments?post=63234"}],"version-history":[{"count":1,"href":"https:\/\/www.radiopresidenteibanez.cl\/web\/wp-json\/wp\/v2\/posts\/63234\/revisions"}],"predecessor-version":[{"id":63236,"href":"https:\/\/www.radiopresidenteibanez.cl\/web\/wp-json\/wp\/v2\/posts\/63234\/revisions\/63236"}],"wp:featuredmedia":[{"embeddable":true,"href":"https:\/\/www.radiopresidenteibanez.cl\/web\/wp-json\/wp\/v2\/media\/63235"}],"wp:attachment":[{"href":"https:\/\/www.radiopresidenteibanez.cl\/web\/wp-json\/wp\/v2\/media?parent=63234"}],"wp:term":[{"taxonomy":"category","embeddable":true,"href":"https:\/\/www.radiopresidenteibanez.cl\/web\/wp-json\/wp\/v2\/categories?post=63234"},{"taxonomy":"post_tag","embeddable":true,"href":"https:\/\/www.radiopresidenteibanez.cl\/web\/wp-json\/wp\/v2\/tags?post=63234"}],"curies":[{"name":"wp","href":"https:\/\/api.w.org\/{rel}","templated":true}]}}