{"id":63209,"date":"2026-03-17T11:03:28","date_gmt":"2026-03-17T14:03:28","guid":{"rendered":"https:\/\/www.radiopresidenteibanez.cl\/web\/?p=63209"},"modified":"2026-03-17T11:03:29","modified_gmt":"2026-03-17T14:03:29","slug":"estudiantes-umag-impulsan-sociedad-de-debate-para-fomentar-el-pensamiento-critico-y-la-oratoria","status":"publish","type":"post","link":"https:\/\/www.radiopresidenteibanez.cl\/web\/estudiantes-umag-impulsan-sociedad-de-debate-para-fomentar-el-pensamiento-critico-y-la-oratoria\/","title":{"rendered":"Estudiantes UMAG impulsan sociedad de debate para fomentar el pensamiento cr\u00edtico y la oratoria"},"content":{"rendered":"\n<p>Con el objetivo de generar nuevos espacios de encuentro acad\u00e9mico y social, estudiantes de la Universidad de Magallanes (UMAG) que integran la&nbsp;<strong>Fundaci\u00f3n Sociedad Austral de Debate<\/strong>, han iniciado un proceso para formalizar la primera Sociedad de Debate de la instituci\u00f3n. La iniciativa busca desarrollar habilidades de comunicaci\u00f3n efectiva y pensamiento cr\u00edtico en el nivel superior, extendiendo una cultura que ya ha dado frutos en la ense\u00f1anza b\u00e1sica y media de Magallanes.<\/p>\n\n\n\n<p>\u201cNuestra misi\u00f3n en general apunta a construir espacios no s\u00f3lo de debate, sino de formaci\u00f3n de comunidad, para que las personas interesadas puedan tener una instancia en la cual desarrollar su oratoria, y a aquellos que ya les guste, puedan competir, como si fuera un deporte m\u00e1s\u201d, explic\u00f3&nbsp;<strong>Nicol\u00e1s S\u00e1nchez Bourre<\/strong>, integrante de la agrupaci\u00f3n.<\/p>\n\n\n\n<p>El tambi\u00e9n estudiante de cuarto a\u00f1o de Derecho y secretario del Centro de Estudiantes de su carrera, dict\u00f3 un taller introductorio en el contexto de la semana de bienvenida a nuevos estudiantes (\u00abmechones\u00bb). Se trata de la primera instancia voluntaria para sondear el inter\u00e9s de la comunidad estudiantil. Los resultados han sido alentadores, contando con la participaci\u00f3n de alumnos de diversas facultades, incluyendo&nbsp;<strong>Derecho, Medicina y Trabajo Social.<\/strong><\/p>\n\n\n\n<h3 class=\"wp-block-heading\"><a><\/a><strong>El debate como herramienta contra la polarizaci\u00f3n<\/strong><\/h3>\n\n\n\n<p>M\u00e1s all\u00e1 de la competencia, los impulsores de la iniciativa subrayan que el debate es un ejercicio intelectual necesario en el Chile actual. Para S\u00e1nchez, esta pr\u00e1ctica permite aceptar la existencia de posturas opuestas, sin que ello implique un conflicto personal.<\/p>\n\n\n\n<p>\u201cEl debate no solamente te permite desarrollar c\u00f3mo hablar, sino que tambi\u00e9n te permite un ejercicio mental de aceptar que para un mismo tema&#8230; puede existir perfectamente alguien que piense completamente lo contrario a ti, y no por eso significa que es malo\u201d, afirm\u00f3 el representante estudiantil.<\/p>\n\n\n\n<p>Tras esta actividad, el equipo de trabajo se prepara para presentar un proyecto formal ante las autoridades de la Universidad, a fin de obtener el reconocimiento y los espacios necesarios para constituir la Sociedad de Debate UMAG. El horizonte final es que la instituci\u00f3n pueda integrarse al circuito nacional de debate, que abarca las ciudades de Valpara\u00edso, Santiago y el B\u00edo B\u00edo.<\/p>\n\n\n\n<p>Quienes deseen conocer m\u00e1s sobre el trabajo de la organizaci\u00f3n, pueden visitar sus redes sociales en&nbsp;<a href=\"https:\/\/www.instagram.com\/fu.saud\/\" target=\"_blank\" rel=\"noreferrer noopener\">Instagram<\/a>&nbsp;(@fu.saud) y&nbsp;<a href=\"https:\/\/www.facebook.com\/sociedadaustraldedebate\/\" target=\"_blank\" rel=\"noreferrer noopener\">Facebook<\/a>&nbsp;(Sociedad Austral de Debate).<\/p>\n","protected":false},"excerpt":{"rendered":"<p>Con el objetivo de generar nuevos espacios de encuentro acad\u00e9mico y social, estudiantes de la Universidad de Magallanes (UMAG) que integran la&nbsp;Fundaci\u00f3n Sociedad Austral de Debate, han iniciado un proceso&#8230; <a class=\"read-more\" href=\"https:\/\/www.radiopresidenteibanez.cl\/web\/estudiantes-umag-impulsan-sociedad-de-debate-para-fomentar-el-pensamiento-critico-y-la-oratoria\/\">Leer m\u00e1s<\/a><\/p>\n","protected":false},"author":2,"featured_media":63214,"comment_status":"closed","ping_status":"closed","sticky":false,"template":"","format":"standard","meta":{"footnotes":""},"categories":[1],"tags":[],"class_list":["post-63209","post","type-post","status-publish","format-standard","has-post-thumbnail","hentry","category-cronica"],"_links":{"self":[{"href":"https:\/\/www.radiopresidenteibanez.cl\/web\/wp-json\/wp\/v2\/posts\/63209","targetHints":{"allow":["GET"]}}],"collection":[{"href":"https:\/\/www.radiopresidenteibanez.cl\/web\/wp-json\/wp\/v2\/posts"}],"about":[{"href":"https:\/\/www.radiopresidenteibanez.cl\/web\/wp-json\/wp\/v2\/types\/post"}],"author":[{"embeddable":true,"href":"https:\/\/www.radiopresidenteibanez.cl\/web\/wp-json\/wp\/v2\/users\/2"}],"replies":[{"embeddable":true,"href":"https:\/\/www.radiopresidenteibanez.cl\/web\/wp-json\/wp\/v2\/comments?post=63209"}],"version-history":[{"count":1,"href":"https:\/\/www.radiopresidenteibanez.cl\/web\/wp-json\/wp\/v2\/posts\/63209\/revisions"}],"predecessor-version":[{"id":63215,"href":"https:\/\/www.radiopresidenteibanez.cl\/web\/wp-json\/wp\/v2\/posts\/63209\/revisions\/63215"}],"wp:featuredmedia":[{"embeddable":true,"href":"https:\/\/www.radiopresidenteibanez.cl\/web\/wp-json\/wp\/v2\/media\/63214"}],"wp:attachment":[{"href":"https:\/\/www.radiopresidenteibanez.cl\/web\/wp-json\/wp\/v2\/media?parent=63209"}],"wp:term":[{"taxonomy":"category","embeddable":true,"href":"https:\/\/www.radiopresidenteibanez.cl\/web\/wp-json\/wp\/v2\/categories?post=63209"},{"taxonomy":"post_tag","embeddable":true,"href":"https:\/\/www.radiopresidenteibanez.cl\/web\/wp-json\/wp\/v2\/tags?post=63209"}],"curies":[{"name":"wp","href":"https:\/\/api.w.org\/{rel}","templated":true}]}}