{"id":63206,"date":"2026-03-17T10:04:01","date_gmt":"2026-03-17T13:04:01","guid":{"rendered":"https:\/\/www.radiopresidenteibanez.cl\/web\/?p=63206"},"modified":"2026-03-17T10:04:03","modified_gmt":"2026-03-17T13:04:03","slug":"delegada-presidencial-regional-ericka-farias-recibe-a-nuevos-delegados-provinciales-de-magallanes","status":"publish","type":"post","link":"https:\/\/www.radiopresidenteibanez.cl\/web\/delegada-presidencial-regional-ericka-farias-recibe-a-nuevos-delegados-provinciales-de-magallanes\/","title":{"rendered":"Delegada Presidencial Regional Ericka Far\u00edas recibe a nuevos Delegados Provinciales de Magallanes"},"content":{"rendered":"\n<p>En el marco del proceso de instalaci\u00f3n de las nuevas autoridades territoriales del Gobierno del Presidente Jos\u00e9 Antonio Kast, la Delegada Presidencial Regional de Magallanes y de la Ant\u00e1rtica Chilena, Ericka Far\u00edas Guerra, sostuvo una reuni\u00f3n de trabajo con los reciente-mente designados Delegados Presidenciales Provinciales, quienes asumir\u00e1n la representa-ci\u00f3n del Ejecutivo en sus respectivos territorios.<\/p>\n\n\n\n<p>El encuentro se desarroll\u00f3 en la Delegaci\u00f3n Presidencial Regional, \u201cCasa de los Intenden-tes\u201d, donde la autoridad regional recibi\u00f3 a: Liber Lazo, Delegado Presidencial Provincial de \u00daltima Esperanza, Margarita Norambuena, Delegada Presidencial Provincial de Tierra del Fuego, Rodolfo Moncada, Delegado Presidencial Provincial de la Ant\u00e1rtica Chilena<\/p>\n\n\n\n<p>Las autoridades provinciales fueron anunciadas a nivel nacional el pasado 13 de marzo, como parte del equipo que liderar\u00e1 la implementaci\u00f3n de las pol\u00edticas p\u00fablicas del Go-bierno en el territorio.<\/p>\n\n\n\n<p>Durante la jornada se abordaron los principales desaf\u00edos de gesti\u00f3n para la regi\u00f3n, con foco en seguridad, descentralizaci\u00f3n, desarrollo territorial y fortalecimiento de la presencia del Estado en las provincias, prioridades definidas por el Gobierno para el extremo austral del pa\u00eds.<\/p>\n\n\n\n<p>La Delegada Presidencial Regional, Ericka Far\u00edas, valor\u00f3 la incorporaci\u00f3n de las nuevas au-toridades y destac\u00f3 el rol clave que cumplir\u00e1n en la articulaci\u00f3n entre el Gobierno central y las comunidades locales. \u201cEstamos muy contentos porque el Presidente Jos\u00e9 Antonio Kast ha designado a nuestros delegados presidenciales provinciales, lo que permitir\u00e1 fortalecer el trabajo territorial en cada una de nuestras provincias. Ellos ser\u00e1n la primera cara del Gobierno en sus territorios y tambi\u00e9n representantes directos del Presidente de la Rep\u00fabli-ca\u201d, se\u00f1al\u00f3.<\/p>\n\n\n\n<p>La autoridad regional agreg\u00f3 que los delegados cumplir\u00e1n un rol fundamental en la identi-ficaci\u00f3n de las necesidades locales. \u201cMagallanes es la regi\u00f3n m\u00e1s extensa de Chile y resulta muy dif\u00edcil estar presentes permanentemente en cada provincia. Por eso, nuestros delega-dos ser\u00e1n quienes recojan de primera fuente las necesidades de la comunidad y las trans-mitan para que podamos buscar las mejores soluciones para cada situaci\u00f3n que se vive d\u00eda a d\u00eda en nuestras comunas\u201d, afirm\u00f3.<\/p>\n","protected":false},"excerpt":{"rendered":"<p>En el marco del proceso de instalaci\u00f3n de las nuevas autoridades territoriales del Gobierno del Presidente Jos\u00e9 Antonio Kast, la Delegada Presidencial Regional de Magallanes y de la Ant\u00e1rtica Chilena,&#8230; <a class=\"read-more\" href=\"https:\/\/www.radiopresidenteibanez.cl\/web\/delegada-presidencial-regional-ericka-farias-recibe-a-nuevos-delegados-provinciales-de-magallanes\/\">Leer m\u00e1s<\/a><\/p>\n","protected":false},"author":2,"featured_media":63207,"comment_status":"closed","ping_status":"closed","sticky":false,"template":"","format":"standard","meta":{"footnotes":""},"categories":[1],"tags":[],"class_list":["post-63206","post","type-post","status-publish","format-standard","has-post-thumbnail","hentry","category-cronica"],"_links":{"self":[{"href":"https:\/\/www.radiopresidenteibanez.cl\/web\/wp-json\/wp\/v2\/posts\/63206","targetHints":{"allow":["GET"]}}],"collection":[{"href":"https:\/\/www.radiopresidenteibanez.cl\/web\/wp-json\/wp\/v2\/posts"}],"about":[{"href":"https:\/\/www.radiopresidenteibanez.cl\/web\/wp-json\/wp\/v2\/types\/post"}],"author":[{"embeddable":true,"href":"https:\/\/www.radiopresidenteibanez.cl\/web\/wp-json\/wp\/v2\/users\/2"}],"replies":[{"embeddable":true,"href":"https:\/\/www.radiopresidenteibanez.cl\/web\/wp-json\/wp\/v2\/comments?post=63206"}],"version-history":[{"count":1,"href":"https:\/\/www.radiopresidenteibanez.cl\/web\/wp-json\/wp\/v2\/posts\/63206\/revisions"}],"predecessor-version":[{"id":63208,"href":"https:\/\/www.radiopresidenteibanez.cl\/web\/wp-json\/wp\/v2\/posts\/63206\/revisions\/63208"}],"wp:featuredmedia":[{"embeddable":true,"href":"https:\/\/www.radiopresidenteibanez.cl\/web\/wp-json\/wp\/v2\/media\/63207"}],"wp:attachment":[{"href":"https:\/\/www.radiopresidenteibanez.cl\/web\/wp-json\/wp\/v2\/media?parent=63206"}],"wp:term":[{"taxonomy":"category","embeddable":true,"href":"https:\/\/www.radiopresidenteibanez.cl\/web\/wp-json\/wp\/v2\/categories?post=63206"},{"taxonomy":"post_tag","embeddable":true,"href":"https:\/\/www.radiopresidenteibanez.cl\/web\/wp-json\/wp\/v2\/tags?post=63206"}],"curies":[{"name":"wp","href":"https:\/\/api.w.org\/{rel}","templated":true}]}}