{"id":63202,"date":"2026-03-17T08:59:00","date_gmt":"2026-03-17T11:59:00","guid":{"rendered":"https:\/\/www.radiopresidenteibanez.cl\/web\/?p=63202"},"modified":"2026-03-17T08:52:33","modified_gmt":"2026-03-17T11:52:33","slug":"boletin-informativo-orbe-127","status":"publish","type":"post","link":"https:\/\/www.radiopresidenteibanez.cl\/web\/boletin-informativo-orbe-127\/","title":{"rendered":"Boletin Informativo ORBE"},"content":{"rendered":"\n<p>SANTIAGO.- La Segpres anunci\u00f3 el ingreso de un paquete de<br>\u00aburgencias legislativas\u00bb al Congreso, con el fin de apurar la<br>tramitaci\u00f3n de 20 iniciativas relacionadas a temas como<br>migraci\u00f3n, seguridad y econom\u00eda.<br>Esta iniciativa incluye el ingreso de dos proyectos con<br>discusi\u00f3n inmediata: uno que tipifica como delito el ingreso<br>clandestino al territorio nacional y otro que incorpora a<br>Gendarmer\u00eda dentro de las Fuerzas de Orden y Seguridad<br>P\u00fablica.<\/p>\n\n\n\n<p>SANTIAGO.- La noche del lunes se registr\u00f3 una violenta<br>encerrona en la comuna de Pudahuel, donde las v\u00edctimas fueron<br>un padre y su hija de dos a\u00f1os, y el hombre result\u00f3 agredido<br>en la cabeza con un martillo y apu\u00f1alado. El hecho ocurri\u00f3<br>la calle Papa San Calixto, donde un hombre sali\u00f3 de su casa<br>con su hija para ir a buscar a su pareja a una estaci\u00f3n de<br>metro.<\/p>\n\n\n\n<p>SANTIAGO.- Y fue saliendo de su pasaje que un auto les cerr\u00f3<br>el paso, descendiendo cuatro delincuentes que intimidaron al<br>conductor para quitarle su auto. Seg\u00fan relataron vecinos, el<br>padre no opuso resistencia pero intent\u00f3 sacar a su hija de su<br>silla de seguridad, pero uno de los antisociales lo golpe\u00f3<br>con un martillo en la cabeza y otro lo apu\u00f1al\u00f3 en la zona del<br>abdomen, sin llegar a cpmncretar el robp del veh\u00edculo y<br>escapar del lugar.<\/p>\n\n\n\n<p>MIAMI ( ESTADOS UNIDOS).- El tenista chileno Tom\u00e1s<br>Barrios,115\u00b0 del ATP, se reivindic\u00f3 tras su temprana<br>despedida del Challenger de Punta Cana y tuvo un estreno<br>triunfal en la qualy del Masters de Miami tras vencer por 6-3<br>y 6-2 al estadounidense Nishesh Basavareddy,198\u00b0. El rival de<br>Barrios por el pasaje al \u00abmain draw\u00bb saldr\u00e1 entre entre el<br>australiano Aleksandar Vukic,93\u00b0, y el brit\u00e1nico Billy<br>Harris,138\u00b0.<\/p>\n","protected":false},"excerpt":{"rendered":"<p>SANTIAGO.- La Segpres anunci\u00f3 el ingreso de un paquete de\u00aburgencias legislativas\u00bb al Congreso, con el fin de apurar latramitaci\u00f3n de 20 iniciativas relacionadas a temas comomigraci\u00f3n, seguridad y econom\u00eda.Esta iniciativa&#8230; <a class=\"read-more\" href=\"https:\/\/www.radiopresidenteibanez.cl\/web\/boletin-informativo-orbe-127\/\">Leer m\u00e1s<\/a><\/p>\n","protected":false},"author":2,"featured_media":63049,"comment_status":"closed","ping_status":"closed","sticky":false,"template":"","format":"standard","meta":{"footnotes":""},"categories":[1],"tags":[],"class_list":["post-63202","post","type-post","status-publish","format-standard","has-post-thumbnail","hentry","category-cronica"],"_links":{"self":[{"href":"https:\/\/www.radiopresidenteibanez.cl\/web\/wp-json\/wp\/v2\/posts\/63202","targetHints":{"allow":["GET"]}}],"collection":[{"href":"https:\/\/www.radiopresidenteibanez.cl\/web\/wp-json\/wp\/v2\/posts"}],"about":[{"href":"https:\/\/www.radiopresidenteibanez.cl\/web\/wp-json\/wp\/v2\/types\/post"}],"author":[{"embeddable":true,"href":"https:\/\/www.radiopresidenteibanez.cl\/web\/wp-json\/wp\/v2\/users\/2"}],"replies":[{"embeddable":true,"href":"https:\/\/www.radiopresidenteibanez.cl\/web\/wp-json\/wp\/v2\/comments?post=63202"}],"version-history":[{"count":1,"href":"https:\/\/www.radiopresidenteibanez.cl\/web\/wp-json\/wp\/v2\/posts\/63202\/revisions"}],"predecessor-version":[{"id":63203,"href":"https:\/\/www.radiopresidenteibanez.cl\/web\/wp-json\/wp\/v2\/posts\/63202\/revisions\/63203"}],"wp:featuredmedia":[{"embeddable":true,"href":"https:\/\/www.radiopresidenteibanez.cl\/web\/wp-json\/wp\/v2\/media\/63049"}],"wp:attachment":[{"href":"https:\/\/www.radiopresidenteibanez.cl\/web\/wp-json\/wp\/v2\/media?parent=63202"}],"wp:term":[{"taxonomy":"category","embeddable":true,"href":"https:\/\/www.radiopresidenteibanez.cl\/web\/wp-json\/wp\/v2\/categories?post=63202"},{"taxonomy":"post_tag","embeddable":true,"href":"https:\/\/www.radiopresidenteibanez.cl\/web\/wp-json\/wp\/v2\/tags?post=63202"}],"curies":[{"name":"wp","href":"https:\/\/api.w.org\/{rel}","templated":true}]}}