{"id":63193,"date":"2026-03-16T18:18:00","date_gmt":"2026-03-16T21:18:00","guid":{"rendered":"https:\/\/www.radiopresidenteibanez.cl\/web\/?p=63193"},"modified":"2026-03-16T15:24:03","modified_gmt":"2026-03-16T18:24:03","slug":"rio-verde-celebra-su-identidad-rural-con-emotivo-homenaje-a-la-mujer-y-jornada-de-integracion-en-villa-darwin","status":"publish","type":"post","link":"https:\/\/www.radiopresidenteibanez.cl\/web\/rio-verde-celebra-su-identidad-rural-con-emotivo-homenaje-a-la-mujer-y-jornada-de-integracion-en-villa-darwin\/","title":{"rendered":"R\u00edo Verde celebra su identidad rural con emotivo homenaje a la mujer y jornada de integraci\u00f3n en Villa Darwin"},"content":{"rendered":"\n<p>En un ambiente de profunda camarader\u00eda y bajo<br>el cielo de la Patagonia, la Ilustre Municipalidad de R\u00edo Verde llev\u00f3 a cabo el \u00abEncuentro<br>de la Comunidad Rural entorno a la Integraci\u00f3n Social y Recreativa\u00bb. La jornada,<br>ejecutada por la Direcci\u00f3n de Desarrollo Comunitario (DIDECO), reuni\u00f3 a un centenar de<br>vecinos en Villa Darwin para conmemorar el D\u00eda de la Mujer, resaltando la importancia del<br>bienestar y el sentido de pertenencia en contextos rurales.<br>La actividad ofreci\u00f3 servicios de autocuidado como manicure y espacios de<br>esparcimiento, culminando con un almuerzo comunitario y un bingo musical que busc\u00f3<br>fortalecer los v\u00ednculos sociales entre los habitantes de la comuna.<br>Voces de la Comunidad<br>Durante la ceremonia, la Alcaldesa Tatiana V\u00e1squez Barrientos destac\u00f3 que la regi\u00f3n<br>tiene \u00abrostro y perfume de mujer\u00bb, enfatizando la resiliencia de quienes habitan el territorio<br>comunal y regional. Por su parte, los protagonistas de la jornada compartieron su visi\u00f3n<br>sobre este encuentro:<br>Mariana Friedli Saldivia, joven destacada de la comuna:<br>\u00abRecibir este reconocimiento en mi tierra, frente a mis vecinos, es una emoci\u00f3n dif\u00edcil de<br>explicar. Siento que este galard\u00f3n no es solo para m\u00ed, sino para todas las j\u00f3venes que<br>decidimos quedarnos en R\u00edo Verde para honrar lo que nuestros abuelos construyeron.<br>Tenemos el desaf\u00edo de innovar y crecer, pero siempre con los pies bien puestos en<br>nuestra ra\u00edz. Agradezco a la Alcaldesa y al municipio por creer en el potencial de las<br>nuevas generaciones rurales\u00bb.<br>Luz Caro, vecina asistente al encuentro:<br>\u00abPara nosotros, que vivimos en sectores apartados, estos encuentros son fundamentales.<br>No se trata solo de venir a un almuerzo o a los stands de belleza, se trata de vernos las<br>caras, de conversar y sentir que no estamos solos en el campo. Es un d\u00eda donde nos<br>sentimos valoradas y tomadas en cuenta por nuestra municipalidad\u00bb.<br>Juan Villarroel, poblador rural:<br>\u00abEs gratificante ver c\u00f3mo Villa Darwin se llena de vida. La integraci\u00f3n social se hace as\u00ed:<br>compartiendo la mesa y disfrutando de un bingo. Se agradece que se realicen estas<br>actividades que nos sacan de la rutina y nos permiten compartir con vecinos que a veces<br>no vemos en todo el a\u00f1o\u00bb.<br>Un compromiso con el bienestar<br>El evento, reafirm\u00f3 el compromiso de la gesti\u00f3n de la Alcaldesa Tatiana V\u00e1squez<br>Barrientos y el Concejo Municipal con las actividades recreativas y de esparcimiento. La<br>jornada finaliz\u00f3 a las 17:00 horas, dejando un balance positivo en t\u00e9rminos de<br>participaci\u00f3n y fortalecimiento del tejido social de R\u00edo Verde.<\/p>\n","protected":false},"excerpt":{"rendered":"<p>En un ambiente de profunda camarader\u00eda y bajoel cielo de la Patagonia, la Ilustre Municipalidad de R\u00edo Verde llev\u00f3 a cabo el \u00abEncuentrode la Comunidad Rural entorno a la Integraci\u00f3n&#8230; <a class=\"read-more\" href=\"https:\/\/www.radiopresidenteibanez.cl\/web\/rio-verde-celebra-su-identidad-rural-con-emotivo-homenaje-a-la-mujer-y-jornada-de-integracion-en-villa-darwin\/\">Leer m\u00e1s<\/a><\/p>\n","protected":false},"author":2,"featured_media":63194,"comment_status":"closed","ping_status":"closed","sticky":false,"template":"","format":"standard","meta":{"footnotes":""},"categories":[1],"tags":[],"class_list":["post-63193","post","type-post","status-publish","format-standard","has-post-thumbnail","hentry","category-cronica"],"_links":{"self":[{"href":"https:\/\/www.radiopresidenteibanez.cl\/web\/wp-json\/wp\/v2\/posts\/63193","targetHints":{"allow":["GET"]}}],"collection":[{"href":"https:\/\/www.radiopresidenteibanez.cl\/web\/wp-json\/wp\/v2\/posts"}],"about":[{"href":"https:\/\/www.radiopresidenteibanez.cl\/web\/wp-json\/wp\/v2\/types\/post"}],"author":[{"embeddable":true,"href":"https:\/\/www.radiopresidenteibanez.cl\/web\/wp-json\/wp\/v2\/users\/2"}],"replies":[{"embeddable":true,"href":"https:\/\/www.radiopresidenteibanez.cl\/web\/wp-json\/wp\/v2\/comments?post=63193"}],"version-history":[{"count":1,"href":"https:\/\/www.radiopresidenteibanez.cl\/web\/wp-json\/wp\/v2\/posts\/63193\/revisions"}],"predecessor-version":[{"id":63195,"href":"https:\/\/www.radiopresidenteibanez.cl\/web\/wp-json\/wp\/v2\/posts\/63193\/revisions\/63195"}],"wp:featuredmedia":[{"embeddable":true,"href":"https:\/\/www.radiopresidenteibanez.cl\/web\/wp-json\/wp\/v2\/media\/63194"}],"wp:attachment":[{"href":"https:\/\/www.radiopresidenteibanez.cl\/web\/wp-json\/wp\/v2\/media?parent=63193"}],"wp:term":[{"taxonomy":"category","embeddable":true,"href":"https:\/\/www.radiopresidenteibanez.cl\/web\/wp-json\/wp\/v2\/categories?post=63193"},{"taxonomy":"post_tag","embeddable":true,"href":"https:\/\/www.radiopresidenteibanez.cl\/web\/wp-json\/wp\/v2\/tags?post=63193"}],"curies":[{"name":"wp","href":"https:\/\/api.w.org\/{rel}","templated":true}]}}