{"id":63191,"date":"2026-03-16T16:49:00","date_gmt":"2026-03-16T19:49:00","guid":{"rendered":"https:\/\/www.radiopresidenteibanez.cl\/web\/?p=63191"},"modified":"2026-03-16T15:18:40","modified_gmt":"2026-03-16T18:18:40","slug":"pulso-sindical-28","status":"publish","type":"post","link":"https:\/\/www.radiopresidenteibanez.cl\/web\/pulso-sindical-28\/","title":{"rendered":"Pulso Sindical"},"content":{"rendered":"\n<p>\u00ab..al caminero Mendoza \u00a1caramba! se lo cargaron, pero de su fe los pobres \u00a1caramba! no se olvidaron..\u00bb ******** Visitas a algunos sindicatos y el contacto con sus dirigentes y socios, nos han permitido darnos cuenta de una situaci\u00f3n que no es la mas optima para el trabajo de la organizaci\u00f3n sindical, pero que sin embargo es de pr\u00e1ctica com\u00fan . Sucede que en la culminaci\u00f3n de los procesos de negociaci\u00f3n colectiva, no siempre los dirigentes ponen en conocimiento de la asamblea la \u00faltima propuesta de la empresa antes de suscribir la misma. Es cierto que en determinados momentos de la parte final del proceso se ven pillados por los plazos, pero eso no es motivo para apurar la suscripci\u00f3n de un colectivo, sin que los asociados hayan tomado conocimiento, en detalle, de la oferta final. Hubo tiempo de sobra durante todo el proceso para hacer ofertas, incluso en los d\u00edas previos a votar la huelga. Si la empresa no hizo all\u00ed sus ofertas para que se analizaran con calma , se fregaron no m\u00e1s. O acordamos pr\u00f3rroga o se hace efectiva la huelga, pero nunca se debe firmar un contrato colectivo sin que est\u00e9 en conocimiento total de las bases. Es el respeto lo que genera las confianzas, es el trabajo transparente de la direcci\u00f3n lo que genera una asamblea consciente y dispuesta. ********** Nuestra fuerza la Unidad Nuestra meta la Victoria Pulso Sindical Diario 17 de marzo Manuel Ahumada L. ******** \u00ab..\u00a1vaya sociedad pasiva!, amigo m\u00edo, hay que luchar democracia significa que el pueblo ha de gobernar..\u00bb ******** En cualquier espacio organizado y m\u00e1s alla del tipo de direcci\u00f3n que se resuelva (sin duda la m\u00e1s com\u00fan es la elecci\u00f3n de una directiva) quienes son sus integrantes, juegan roles claramente definidos. El m\u00e1s com\u00fan y c\u00f3modo es ser asamblea, ya que se supone que solo deben asistir a las reuniones y expresar opiniones, resolviendo por mayor\u00edas lo que propongan los dirigentes. Bueno, esa asamblea formal debe transformarse en un grupo que analiza y discute, que busca respuestas y cuestiona aquello que no entiende y manifestarse por s\u00ed o por no frente a las propuestas que se pongan por delante. Esta asamblea va a ir dando a la organizaci\u00f3n nuevos dirigentes y ser\u00e1 un hueso duro de roer para aquellos que buscan sembrar la divisi\u00f3n entre los organizados. Bueno y los dirigentes cumplen claramente su rol, m\u00e1s all\u00e1 de que son un equipo de direcci\u00f3n y deben actuar de conjunto. Las actas y otros documentos ser\u00e1n la principal responsabilidad del secretario, como lo son tambi\u00e9n los recursos econ\u00f3micos de la organizaci\u00f3n en manos del tesorero. El presidente dirige y apoya, representa a la direcci\u00f3n, pero lo que indica y propone siempre ser\u00e1 fruto de la discusi\u00f3n del colectivo. As\u00ed se hace organizaci\u00f3n de clase. *********** Nuestra fuerza la Unidad Nuestra meta la Victoria . . Pulso Sindical Diario 18 marzo 2026 Manuel Ahumada L. ********** \u00ab..Pobre del cantor de nuestros d\u00edas que no arriesgue su cuerda por no arriesgar su vida. ********* Los distintos ministros del nuevo gobierno van marcando sus prioridades, las que en caso alguno van vinculadas a las necesidades de la poblaci\u00f3n, pero es un gobierno de derecha extrema y no se puede esperar otra cosa. Anuncio de auditor\u00edas y un sinf\u00edn de parafernalia, con el \u00fanico objetivo de mostrarse como los salvadores El presidente dijo ya antes de ser electo que revisar\u00e1 casos para ver como indultar a uniformados que est\u00e1n encarcelados, por defender a la patria. Nadie que se interese m\u00ednimamente por lo que pas\u00f3 y pasa en su pa\u00eds, desconoce que familias con poder econ\u00f3mico, hicieron todo por sacar adelante el golpe de estado de 1973 y ayudaron a la detenci\u00f3n, tortura, ejecuci\u00f3n y desaparici\u00f3n de compatriotas. En ese selecto grupo de \u00abpatriotas\u00bb se encuentran los Kast y su activo rol en la comuna de Paine, sobre lo que se han escrito libros y emitido reportajes. Es la verdad y aunque a algunos les duela jam\u00e1s debe silenciarse, el facismo ya actu\u00f3 en Chile y nada indica que no lo har\u00e1n de nuevo. Hay que ser valientes y seguir mostrando las cosas como son, hasta que la poblaci\u00f3n lo asuma conscientemente. ********** . Nuestra fuerza la Unidad Nuestra meta la Victoria Pulso Sindical Diario 19 marzo 2026 Manuel Ahumada L. ********** \u00ab..el arrollador avance del que tiene libertad para exprimir a unos cuantos y aumentar su capital\u00bb ********* Muchos se asustan cuando hablamos de abuso y explotaci\u00f3n. Retrucan que los trabajadores son libres de ir a trabajar donde les convenga y si no est\u00e1n de acuerdo solo deben expresarlo, que incluso ser\u00eda hasta algo .<\/p>\n","protected":false},"excerpt":{"rendered":"<p>\u00ab..al caminero Mendoza \u00a1caramba! se lo cargaron, pero de su fe los pobres \u00a1caramba! no se olvidaron..\u00bb ******** Visitas a algunos sindicatos y el contacto con sus dirigentes y socios,&#8230; <a class=\"read-more\" href=\"https:\/\/www.radiopresidenteibanez.cl\/web\/pulso-sindical-28\/\">Leer m\u00e1s<\/a><\/p>\n","protected":false},"author":2,"featured_media":63103,"comment_status":"closed","ping_status":"closed","sticky":false,"template":"","format":"standard","meta":{"footnotes":""},"categories":[1],"tags":[],"class_list":["post-63191","post","type-post","status-publish","format-standard","has-post-thumbnail","hentry","category-cronica"],"_links":{"self":[{"href":"https:\/\/www.radiopresidenteibanez.cl\/web\/wp-json\/wp\/v2\/posts\/63191","targetHints":{"allow":["GET"]}}],"collection":[{"href":"https:\/\/www.radiopresidenteibanez.cl\/web\/wp-json\/wp\/v2\/posts"}],"about":[{"href":"https:\/\/www.radiopresidenteibanez.cl\/web\/wp-json\/wp\/v2\/types\/post"}],"author":[{"embeddable":true,"href":"https:\/\/www.radiopresidenteibanez.cl\/web\/wp-json\/wp\/v2\/users\/2"}],"replies":[{"embeddable":true,"href":"https:\/\/www.radiopresidenteibanez.cl\/web\/wp-json\/wp\/v2\/comments?post=63191"}],"version-history":[{"count":1,"href":"https:\/\/www.radiopresidenteibanez.cl\/web\/wp-json\/wp\/v2\/posts\/63191\/revisions"}],"predecessor-version":[{"id":63192,"href":"https:\/\/www.radiopresidenteibanez.cl\/web\/wp-json\/wp\/v2\/posts\/63191\/revisions\/63192"}],"wp:featuredmedia":[{"embeddable":true,"href":"https:\/\/www.radiopresidenteibanez.cl\/web\/wp-json\/wp\/v2\/media\/63103"}],"wp:attachment":[{"href":"https:\/\/www.radiopresidenteibanez.cl\/web\/wp-json\/wp\/v2\/media?parent=63191"}],"wp:term":[{"taxonomy":"category","embeddable":true,"href":"https:\/\/www.radiopresidenteibanez.cl\/web\/wp-json\/wp\/v2\/categories?post=63191"},{"taxonomy":"post_tag","embeddable":true,"href":"https:\/\/www.radiopresidenteibanez.cl\/web\/wp-json\/wp\/v2\/tags?post=63191"}],"curies":[{"name":"wp","href":"https:\/\/api.w.org\/{rel}","templated":true}]}}