{"id":63188,"date":"2026-03-16T15:15:30","date_gmt":"2026-03-16T18:15:30","guid":{"rendered":"https:\/\/www.radiopresidenteibanez.cl\/web\/?p=63188"},"modified":"2026-03-16T15:15:31","modified_gmt":"2026-03-16T18:15:31","slug":"de-tecnico-a-ingeniero-en-dos-anos-umag-abre-oportunidad-de-continuidad-de-estudios-en-administracion-de-empresas","status":"publish","type":"post","link":"https:\/\/www.radiopresidenteibanez.cl\/web\/de-tecnico-a-ingeniero-en-dos-anos-umag-abre-oportunidad-de-continuidad-de-estudios-en-administracion-de-empresas\/","title":{"rendered":"De t\u00e9cnico a ingeniero en dos a\u00f1os: UMAG abre oportunidad de continuidad de estudios en Administraci\u00f3n de Empresas"},"content":{"rendered":"\n<p>Un creciente inter\u00e9s ha generado el&nbsp;<strong>Plan Especial de Ingenier\u00eda de Ejecuci\u00f3n en Administraci\u00f3n de Empresas<\/strong>&nbsp;de la Universidad de Magallanes (UMAG), programa dise\u00f1ado para que titulados de carreras t\u00e9cnicas del \u00e1rea de la administraci\u00f3n y disciplinas afines puedan continuar su formaci\u00f3n profesional. La carrera mantiene actualmente cupos disponibles y proceso de matr\u00edcula abierto durante todo el mes de marzo, lo que representa una oportunidad para quienes buscan avanzar en su desarrollo acad\u00e9mico y profesional.<\/p>\n\n\n\n<p>El programa forma parte de los planes de prosecuci\u00f3n de estudios de la universidad y tiene como objetivo complementar la formaci\u00f3n de t\u00e9cnicos de nivel superior para que obtengan el t\u00edtulo profesional de Ingeniero o Ingeniera de Ejecuci\u00f3n en Administraci\u00f3n de Empresas en un per\u00edodo acotado de estudios.<\/p>\n\n\n\n<p>Seg\u00fan explic\u00f3 la jefa de carrera del programa,&nbsp;<strong>Javiera Sagredo<\/strong>, recientemente se present\u00f3 a los interesados el redise\u00f1o de la malla curricular, trabajo que se desarroll\u00f3 durante 2025 con el objetivo de actualizar los contenidos de la carrera de acuerdo con las demandas actuales del mercado laboral.<\/p>\n\n\n\n<p>\u201cEstuvimos trabajando todo el a\u00f1o 2025 en el redise\u00f1o de nuestra malla para incorporar elementos nuevos que estuvieran m\u00e1s acordes a lo que el mercado laboral est\u00e1 solicitando y as\u00ed poder captar a nuevos estudiantes\u201d, se\u00f1al\u00f3 la acad\u00e9mica.<\/p>\n\n\n\n<p>Entre las principales novedades del programa destacan nuevas l\u00edneas formativas vinculadas a&nbsp;<strong>marketing digital, comercio electr\u00f3nico y desarrollo de planes de negocio<\/strong>, adem\u00e1s de un enfoque territorial que busca potenciar iniciativas empresariales vinculadas a la realidad regional.<\/p>\n\n\n\n<p>\u201cUno de los sellos principales es que la carrera culmina con el desarrollo de un plan de negocios que podr\u00eda proyectarse a futuro como una idea de emprendimiento para la regi\u00f3n\u201d, agreg\u00f3 Sagredo.<\/p>\n\n\n\n<p>El plan especial se caracteriza adem\u00e1s por su modalidad de articulaci\u00f3n con carreras t\u00e9cnicas. Esto permite que titulados de programas como&nbsp;<strong>T\u00e9cnico en Administraci\u00f3n, Turismo, Comercio Exterior, Log\u00edstica o \u00e1reas afines<\/strong>&nbsp;puedan continuar su formaci\u00f3n profesional sin necesidad de cursar nuevamente toda una carrera de pregrado.<\/p>\n\n\n\n<p>La iniciativa ha despertado el inter\u00e9s de estudiantes que ya completaron su formaci\u00f3n t\u00e9cnica y buscan seguir avanzando en su trayectoria acad\u00e9mica. Es el caso de&nbsp;<strong>Owen Luengo,<\/strong>&nbsp;egresado del T\u00e9cnico en Administraci\u00f3n de la UMAG, quien decidi\u00f3 continuar sus estudios a trav\u00e9s de este programa.<\/p>\n\n\n\n<p>\u201cQuise tomar este plan especial por crecimiento acad\u00e9mico. A nivel de metas de vida quiero seguir creciendo, no quedarme solo con lo que ya logr\u00e9, sino seguir aprendiendo. Adem\u00e1s la malla que se ofreci\u00f3 es muy buena, interesante y desafiante\u201d, coment\u00f3.<\/p>\n\n\n\n<p>Una motivaci\u00f3n similar expres\u00f3&nbsp;<strong>Danitza Mella Barrientos<\/strong>, tambi\u00e9n titulada de T\u00e9cnico en Administraci\u00f3n de Empresas, quien valor\u00f3 especialmente la actualizaci\u00f3n de la malla curricular.<\/p>\n\n\n\n<p>\u201cLa verdad me parece estupenda. Hab\u00eda visto la malla anterior y esta la encuentro mucho m\u00e1s atractiva. Tengo muchas expectativas porque me gusta c\u00f3mo est\u00e1 estructurada para poder seguir creciendo formativamente\u201d, se\u00f1al\u00f3.<\/p>\n\n\n\n<p>El programa busca formar profesionales capaces de desempe\u00f1arse en funciones de gesti\u00f3n, direcci\u00f3n, asesor\u00eda, emprendimiento y consultor\u00eda, tanto en instituciones p\u00fablicas como privadas. Asimismo, incorpora una mirada territorial que prepara a los futuros profesionales para aportar al desarrollo sostenible de la Regi\u00f3n de Magallanes y de la Ant\u00e1rtica Chilena, considerando su rol estrat\u00e9gico como enclave log\u00edstico austral y puerta de conexi\u00f3n hacia la Ant\u00e1rtica.<\/p>\n\n\n\n<p>Desde la universidad reiteraron que las personas interesadas en este plan de prosecuci\u00f3n de estudios pueden matricularse durante todo marzo, siempre que cuenten con un t\u00edtulo t\u00e9cnico de nivel superior o profesional en el \u00e1rea de la administraci\u00f3n o disciplinas afines, obtenido en una instituci\u00f3n de educaci\u00f3n superior reconocida por el Estado.<\/p>\n\n\n\n<p>Las clases se iniciar\u00e1n el lunes 16 de marzo. Quienes deseen postular a este plan especial no necesitan haber rendido la Prueba de Acceso a la Educaci\u00f3n Superior (PAES) y pueden hacerlo independientemente del a\u00f1o en que hayan obtenido su t\u00edtulo t\u00e9cnico.<\/p>\n","protected":false},"excerpt":{"rendered":"<p>Un creciente inter\u00e9s ha generado el&nbsp;Plan Especial de Ingenier\u00eda de Ejecuci\u00f3n en Administraci\u00f3n de Empresas&nbsp;de la Universidad de Magallanes (UMAG), programa dise\u00f1ado para que titulados de carreras t\u00e9cnicas del \u00e1rea&#8230; <a class=\"read-more\" href=\"https:\/\/www.radiopresidenteibanez.cl\/web\/de-tecnico-a-ingeniero-en-dos-anos-umag-abre-oportunidad-de-continuidad-de-estudios-en-administracion-de-empresas\/\">Leer m\u00e1s<\/a><\/p>\n","protected":false},"author":2,"featured_media":63189,"comment_status":"closed","ping_status":"closed","sticky":false,"template":"","format":"standard","meta":{"footnotes":""},"categories":[1],"tags":[],"class_list":["post-63188","post","type-post","status-publish","format-standard","has-post-thumbnail","hentry","category-cronica"],"_links":{"self":[{"href":"https:\/\/www.radiopresidenteibanez.cl\/web\/wp-json\/wp\/v2\/posts\/63188","targetHints":{"allow":["GET"]}}],"collection":[{"href":"https:\/\/www.radiopresidenteibanez.cl\/web\/wp-json\/wp\/v2\/posts"}],"about":[{"href":"https:\/\/www.radiopresidenteibanez.cl\/web\/wp-json\/wp\/v2\/types\/post"}],"author":[{"embeddable":true,"href":"https:\/\/www.radiopresidenteibanez.cl\/web\/wp-json\/wp\/v2\/users\/2"}],"replies":[{"embeddable":true,"href":"https:\/\/www.radiopresidenteibanez.cl\/web\/wp-json\/wp\/v2\/comments?post=63188"}],"version-history":[{"count":1,"href":"https:\/\/www.radiopresidenteibanez.cl\/web\/wp-json\/wp\/v2\/posts\/63188\/revisions"}],"predecessor-version":[{"id":63190,"href":"https:\/\/www.radiopresidenteibanez.cl\/web\/wp-json\/wp\/v2\/posts\/63188\/revisions\/63190"}],"wp:featuredmedia":[{"embeddable":true,"href":"https:\/\/www.radiopresidenteibanez.cl\/web\/wp-json\/wp\/v2\/media\/63189"}],"wp:attachment":[{"href":"https:\/\/www.radiopresidenteibanez.cl\/web\/wp-json\/wp\/v2\/media?parent=63188"}],"wp:term":[{"taxonomy":"category","embeddable":true,"href":"https:\/\/www.radiopresidenteibanez.cl\/web\/wp-json\/wp\/v2\/categories?post=63188"},{"taxonomy":"post_tag","embeddable":true,"href":"https:\/\/www.radiopresidenteibanez.cl\/web\/wp-json\/wp\/v2\/tags?post=63188"}],"curies":[{"name":"wp","href":"https:\/\/api.w.org\/{rel}","templated":true}]}}