{"id":63181,"date":"2026-03-16T12:53:00","date_gmt":"2026-03-16T15:53:00","guid":{"rendered":"https:\/\/www.radiopresidenteibanez.cl\/web\/?p=63181"},"modified":"2026-03-16T11:28:05","modified_gmt":"2026-03-16T14:28:05","slug":"iva-brigada-aerea-realizo-limpieza-del-borde-costero-en-punta-arenas","status":"publish","type":"post","link":"https:\/\/www.radiopresidenteibanez.cl\/web\/iva-brigada-aerea-realizo-limpieza-del-borde-costero-en-punta-arenas\/","title":{"rendered":"IV\u00aa Brigada A\u00e9rea realiz\u00f3 limpieza del borde costero en Punta Arenas"},"content":{"rendered":"\n<p>En el marco de las actividades del Mes del Aire y del Espacio en la Regi\u00f3n de Magallanes, organizadas para conmemorar los 96 a\u00f1os de la Fuerza A\u00e9rea de Chile (FACH), Aviadores Militares de la IV\u00aa Brigada A\u00e9rea realizaron este viernes 13 de marzo una jornada de limpieza del borde costero, que comenz\u00f3 en el sector de las \u201cLetras Punta Arenas\u201d.<\/p>\n\n\n\n<p>La actividad reuni\u00f3 a personal de la instituci\u00f3n, quienes trabajaron en conjunto para retirar residuos y limpiar la playa del hist\u00f3rico Estrecho de Magallanes, contribuyendo al cuidado del entorno natural de la ciudad.<\/p>\n\n\n\n<p>La delegaci\u00f3n de Aviadores Militares estuvo encabezada por el Jefe del Estado Mayor de la IV\u00aa Brigada A\u00e9rea, Coronel de Aviaci\u00f3n (A) Sergio Padilla.<\/p>\n\n\n\n<p>\u201cLa idea principal de esta actividad es generar conciencia sobre la importancia de cuidar el ecosistema. En esta ocasi\u00f3n contamos con 95 Aviadores Militares, entre Oficiales y Personal del Cuadro Permanente. Adem\u00e1s, tendremos m\u00e1s actividades en el marco del Mes del Aire y del Espacio, por lo que invitamos a toda la comunidad a participar\u201d, coment\u00f3 el Coronel Padilla.<\/p>\n\n\n\n<p>Respecto a otras iniciativas, est\u00e1 programada la ceremonia militar por el aniversario institucional en la Plaza Benjam\u00edn Mu\u00f1oz Gamero, el viernes 20 de marzo, a las 11:00 horas, actividad que contar\u00e1 con desfile terrestre y a\u00e9reo, siendo este \u00faltimo sujeto a las condiciones meteorol\u00f3gicas necesarias para su ejecuci\u00f3n.<\/p>\n\n\n\n<p>Posteriormente, el s\u00e1bado 21 y domingo 22 de marzo, entre 10:00 y 18:00 horas, se realizar\u00e1 una exposici\u00f3n est\u00e1tica en Zonaustral (Zona Franca de Punta Arenas), donde los asistentes podr\u00e1n conocer equipamiento institucional y compartir con Aviadores Militares.<\/p>\n","protected":false},"excerpt":{"rendered":"<p>En el marco de las actividades del Mes del Aire y del Espacio en la Regi\u00f3n de Magallanes, organizadas para conmemorar los 96 a\u00f1os de la Fuerza A\u00e9rea de Chile&#8230; <a class=\"read-more\" href=\"https:\/\/www.radiopresidenteibanez.cl\/web\/iva-brigada-aerea-realizo-limpieza-del-borde-costero-en-punta-arenas\/\">Leer m\u00e1s<\/a><\/p>\n","protected":false},"author":2,"featured_media":63182,"comment_status":"closed","ping_status":"closed","sticky":false,"template":"","format":"standard","meta":{"footnotes":""},"categories":[1],"tags":[],"class_list":["post-63181","post","type-post","status-publish","format-standard","has-post-thumbnail","hentry","category-cronica"],"_links":{"self":[{"href":"https:\/\/www.radiopresidenteibanez.cl\/web\/wp-json\/wp\/v2\/posts\/63181","targetHints":{"allow":["GET"]}}],"collection":[{"href":"https:\/\/www.radiopresidenteibanez.cl\/web\/wp-json\/wp\/v2\/posts"}],"about":[{"href":"https:\/\/www.radiopresidenteibanez.cl\/web\/wp-json\/wp\/v2\/types\/post"}],"author":[{"embeddable":true,"href":"https:\/\/www.radiopresidenteibanez.cl\/web\/wp-json\/wp\/v2\/users\/2"}],"replies":[{"embeddable":true,"href":"https:\/\/www.radiopresidenteibanez.cl\/web\/wp-json\/wp\/v2\/comments?post=63181"}],"version-history":[{"count":1,"href":"https:\/\/www.radiopresidenteibanez.cl\/web\/wp-json\/wp\/v2\/posts\/63181\/revisions"}],"predecessor-version":[{"id":63183,"href":"https:\/\/www.radiopresidenteibanez.cl\/web\/wp-json\/wp\/v2\/posts\/63181\/revisions\/63183"}],"wp:featuredmedia":[{"embeddable":true,"href":"https:\/\/www.radiopresidenteibanez.cl\/web\/wp-json\/wp\/v2\/media\/63182"}],"wp:attachment":[{"href":"https:\/\/www.radiopresidenteibanez.cl\/web\/wp-json\/wp\/v2\/media?parent=63181"}],"wp:term":[{"taxonomy":"category","embeddable":true,"href":"https:\/\/www.radiopresidenteibanez.cl\/web\/wp-json\/wp\/v2\/categories?post=63181"},{"taxonomy":"post_tag","embeddable":true,"href":"https:\/\/www.radiopresidenteibanez.cl\/web\/wp-json\/wp\/v2\/tags?post=63181"}],"curies":[{"name":"wp","href":"https:\/\/api.w.org\/{rel}","templated":true}]}}