{"id":63165,"date":"2026-03-16T08:57:05","date_gmt":"2026-03-16T11:57:05","guid":{"rendered":"https:\/\/www.radiopresidenteibanez.cl\/web\/?p=63165"},"modified":"2026-03-16T08:57:07","modified_gmt":"2026-03-16T11:57:07","slug":"boletin-informativo-orbe-126","status":"publish","type":"post","link":"https:\/\/www.radiopresidenteibanez.cl\/web\/boletin-informativo-orbe-126\/","title":{"rendered":"Boletin Informativo ORBE"},"content":{"rendered":"\n<p>SANTIAGO.- El ministro de Hacienda, Jorge Quiroz, anunci\u00f3 que<br>este lunes firmar\u00e1 un oficio que instruir\u00e1 un recorte del 3<br>por ciento en el presupuesto de todos los ministerios, que se<br>complementar\u00e1 con una reducci\u00f3n de mil millones de d\u00f3lares<br>ajustado a la capacidad de cada cartera. Quiroz justific\u00f3 la<br>decisi\u00f3n ante la necesidad de solucionar la \u00abfalta de caja<br>fiscal\u00bb que, seg\u00fan acus\u00f3, fue heredada del Gobierno de<br>Gabriel Boric.<\/p>\n\n\n\n<p>SANTIAGO.-La medida se enmarca dentro del plan del Gobierno<br>para ahorrar 6 mil millones de d\u00f3lares de gasto p\u00fablico. El<br>diputado Patricio Briones,PDG, cuyo partido ser\u00e1 clave en las<br>votaciones de este tema en el Congreso, destac\u00f3 que los<br>\u00abrecortes presupuestarios para los ministerios y servicios<br>p\u00fablicos del 3 por cientoo, que quiere impulsar el Ministro<br>Quiroz, equivaldr\u00edan pr\u00e1cticamente a m\u00e1s de 3 mil millones de<br>d\u00f3lares al a\u00f1o\u00bb.<\/p>\n\n\n\n<p>SANTIAGO.- El fiscal nacional, \u00c1ngel Valencia, viaj\u00f3 a<br>Washington para sostener este lunes una reuni\u00f3n con el fiscal<br>general de Estados Unidos, Pam Bondi. eSTO, con el fin de<br>reforzar la cooperaci\u00f3n judicial entre ambos pa\u00edses y buscar<br>avanzar en la investigaci\u00f3n del crimen del teniente Ronald<br>Ojeda en Chile.<\/p>\n\n\n\n<p>SANTIAGO.-Entre las gestiones que busca impulsar el<br>persecutor nacional se encuentra la posibilidad de que<br>fiscales chilenos que indagan el asesinato del militar<br>venezolano puedan viajar a Nueva York. Eso, para un eventual<br>interrogatorio directo contra el exl\u00edder chavista, Nicol\u00e1s<br>Maduro,capturado por Estados Unidos a principios de enero<br>bajo cargos por narcotr\u00e1fico.<\/p>\n\n\n\n<p>SANTIAGO.- Este lunes 16 de marzo, la s\u00e9ptima fecha de la<br>Liga de Primera cierra con el duelo de Colo Colo ante<br>Huachipato, desde las 20:30 horas en el Estadio Monumental,<br>con la misi\u00f3n de ganar para retomar el liderato que asalt\u00f3<br>Deportes Limache este domingo. El cuadro \u00abpopular\u00bb llega con<br>12 puntos, y en el tercer lugar, desplazado por Limache, que<br>sum\u00f3 14 unidades tras la goleada 2-5 a Cobresal, y por<br>\u00d1ublense, que lo igual\u00f3 en la tabla tras el empate 2-2 con La<br>Serena en Chill\u00e1n.<\/p>\n","protected":false},"excerpt":{"rendered":"<p>SANTIAGO.- El ministro de Hacienda, Jorge Quiroz, anunci\u00f3 queeste lunes firmar\u00e1 un oficio que instruir\u00e1 un recorte del 3por ciento en el presupuesto de todos los ministerios, que secomplementar\u00e1 con&#8230; <a class=\"read-more\" href=\"https:\/\/www.radiopresidenteibanez.cl\/web\/boletin-informativo-orbe-126\/\">Leer m\u00e1s<\/a><\/p>\n","protected":false},"author":2,"featured_media":63049,"comment_status":"closed","ping_status":"closed","sticky":false,"template":"","format":"standard","meta":{"footnotes":""},"categories":[1],"tags":[],"class_list":["post-63165","post","type-post","status-publish","format-standard","has-post-thumbnail","hentry","category-cronica"],"_links":{"self":[{"href":"https:\/\/www.radiopresidenteibanez.cl\/web\/wp-json\/wp\/v2\/posts\/63165","targetHints":{"allow":["GET"]}}],"collection":[{"href":"https:\/\/www.radiopresidenteibanez.cl\/web\/wp-json\/wp\/v2\/posts"}],"about":[{"href":"https:\/\/www.radiopresidenteibanez.cl\/web\/wp-json\/wp\/v2\/types\/post"}],"author":[{"embeddable":true,"href":"https:\/\/www.radiopresidenteibanez.cl\/web\/wp-json\/wp\/v2\/users\/2"}],"replies":[{"embeddable":true,"href":"https:\/\/www.radiopresidenteibanez.cl\/web\/wp-json\/wp\/v2\/comments?post=63165"}],"version-history":[{"count":1,"href":"https:\/\/www.radiopresidenteibanez.cl\/web\/wp-json\/wp\/v2\/posts\/63165\/revisions"}],"predecessor-version":[{"id":63166,"href":"https:\/\/www.radiopresidenteibanez.cl\/web\/wp-json\/wp\/v2\/posts\/63165\/revisions\/63166"}],"wp:featuredmedia":[{"embeddable":true,"href":"https:\/\/www.radiopresidenteibanez.cl\/web\/wp-json\/wp\/v2\/media\/63049"}],"wp:attachment":[{"href":"https:\/\/www.radiopresidenteibanez.cl\/web\/wp-json\/wp\/v2\/media?parent=63165"}],"wp:term":[{"taxonomy":"category","embeddable":true,"href":"https:\/\/www.radiopresidenteibanez.cl\/web\/wp-json\/wp\/v2\/categories?post=63165"},{"taxonomy":"post_tag","embeddable":true,"href":"https:\/\/www.radiopresidenteibanez.cl\/web\/wp-json\/wp\/v2\/tags?post=63165"}],"curies":[{"name":"wp","href":"https:\/\/api.w.org\/{rel}","templated":true}]}}