{"id":63160,"date":"2026-03-16T08:19:47","date_gmt":"2026-03-16T11:19:47","guid":{"rendered":"https:\/\/www.radiopresidenteibanez.cl\/web\/?p=63160"},"modified":"2026-03-16T08:19:48","modified_gmt":"2026-03-16T11:19:48","slug":"los-idus-de-marzo-2","status":"publish","type":"post","link":"https:\/\/www.radiopresidenteibanez.cl\/web\/los-idus-de-marzo-2\/","title":{"rendered":"LOS IDUS DE MARZO"},"content":{"rendered":"\n<p>Para los amantes de la historia el mes de marzo, se recuerda entre otras cosas por \u201cLos<br>Idus de marzo\u201d. Muy pocos saben de donde proviene la expresi\u00f3n. Pero vamos por parte, seg\u00fan<br>consigna la Enciclopedia Brit\u00e1nica, el calendario romano divid\u00eda los meses del a\u00f1o seg\u00fan el ciclo<br>lunar en tres grupos de d\u00edas. Las Calendas, con la luna nueva correspond\u00eda al d\u00eda primero o<br>comienzo de cada mes. Las Nonas, que corresponde a la fase lunar de cuarto creciente y<br>menguante, dependiendo de la duraci\u00f3n del mes, las Nonas ca\u00edan el quinto o s\u00e9ptimo d\u00eda. Los Idus<br>coincid\u00edan con la salida de la luna llena a mediados de mes, de hecho, la expresi\u00f3n proviene de la<br>voz latina \u201cIduare\u201d que significa dividir. La luna llena divid\u00eda el mes en dos partes, por lo que los<br>Idus correspond\u00eda a los d\u00edas 13 o 15, dependiendo de la duraci\u00f3n del mes. As\u00ed los Idus ca\u00edan el 13<br>de cada mes, excepto en marzo, mayo, julio y octubre, donde eran el d\u00eda 15.<br>En el calendario romano antiguo, el a\u00f1o nuevo comenzaba en marzo, los Idus se\u00f1alaban la<br>primera luna llena del a\u00f1o, por lo que era de gran importancia. Esta importancia era mayor aun,<br>considerando que los romanos ten\u00edan por deidad principal a J\u00fapiter, dios del cielo y cuando ocurr\u00eda<br>la luna llena (en los Idus) le honraban con fiestas y sacrificios.<br>Quiz\u00e1s algunos sepan que, en los Idus de marzo, es decir el 15 de marzo, pero hace 21<br>siglos, el a\u00f1o 44 A.C, fue asesinado Cayo Julio C\u00e9sar. Este hecho de la historia ha llegado hasta<br>nuestros d\u00edas, inmortalizado por el relato que de \u00e9l hacen cronistas como Suetonio en su obra \u201cvida<br>de los C\u00e9sares\u201d, pero tambi\u00e9n la literatura, y la obra \u201cJulio C\u00e9sar\u201d de William Shakespeare. El<br>asesinato de C\u00e9sar se produce por el temor de un grupo de senadores de que C\u00e9sar, que hab\u00eda<br>sido nombrado por el mismo senado como dictador vitalicio, se transformara en rey. C\u00e9sar, tras sus<br>campa\u00f1as victoriosas en las Galias y en Egipto, gozaba de gran popularidad en la plebe romana y<br>era reverenciado por las legiones. Al momento del ataque se encontraba en medio de una serie de<br>reformas pol\u00edticas y sociales. Se dice que C\u00e9sar fue advertido de que atentar\u00edan contra su vida,<br>incluso Shakespeare incluye en su obra un personaje que representa a un adivino, el cual le habr\u00eda<br>dicho a Julio C\u00e9sar \u201cCu\u00eddate de los Idus de marzo\u201d. Lo que, en el libreto de la obra, provoca el<br>rechazo y la burla de C\u00e9sar. Es descrito all\u00ed como excesivamente seguro de s\u00ed mismo, arrogante<br>incluso. Lo cierto es que concurriendo C\u00e9sar al teatro de Pompeyo donde sesionar\u00eda el senado. En<br>la obra de teatro, C\u00e9sar divisa entre la multitud al adivino, y C\u00e9sar le dice que llegaron los Idus y no<br>pas\u00f3 nada. A lo que el adivino responde \u201cLos Idus a\u00fan no terminan\u201d. Finamente, C\u00e9sar hace<br>ingreso a teatro pompeyano, donde fue atacado por unos sesenta conspiradores quienes lo<br>apu\u00f1alan sucesivas veces, en el mismo recinto. Fungieron como organizadores del complot los<br>senadores Marco Junio Bruto y Cayo Casio Longino. Los cronistas indican que le propinaron 23<br>pu\u00f1aladas, de las cuales s\u00f3lo una ser\u00eda mortal. C\u00e9lebre es la frase atribuida a C\u00e9sar, cuando ve<br>que el \u00faltimo de los conspiradores que le apu\u00f1ala es Bruto, a quien considera un querido y cercano<br>amigo. \u00bfT\u00fa tambi\u00e9n Bruto?, pregunta antes de desplomarse sobre el piso de m\u00e1rmol.<br>El prop\u00f3sito de los senadores conspiradores pertenecientes a aristocr\u00e1ticas familias<br>patricias, era salvar la Rep\u00fablica romana de un supuesto intento de C\u00e9sar de buscar su coronaci\u00f3n<br>como rey. Sin embargo, su muerte no produjo tal efecto. Por el contrario, desencaden\u00f3 una guerra<br>civil que llev\u00f3 al poder a su sobrino nieto e hijo adoptivo Octaviano. Paradojalmente, Octaviano se<br>convirti\u00f3 en el primer emperador romano, tomando el nombre de Augusto C\u00e9sar, en el a\u00f1o 27 A.C,<br>en honor a su ilustre pariente. El flamante y poderoso emperador veng\u00f3 el asesinato de Julio C\u00e9sar<br>aniquilando a los conspiradores. Asimismo, en los Idus de Marzo honr\u00f3 su memoria, con el<br>sacrificio de 300 prisioneros en un altar erigido a C\u00e9sar.<br>La historia tiene la maravilla de traer al presente lo que ocurri\u00f3 hace m\u00e1s de dos mil a\u00f1os,<br>para mostrarnos la grandeza, el auge y la ca\u00edda de los grandes imperios, tambi\u00e9n las historias de<\/p>\n\n\n\n<p>lucha y organizaci\u00f3n de los pueblos que lograron su liberaci\u00f3n. Pero muchos siglos despu\u00e9s,<br>vivimos hoy tiempos de incertidumbre, pero tambi\u00e9n de esperanza. Tiempos de incertidumbre<br>porque hombres peque\u00f1os de grandes egos controlan, en apariencia, el destino de la humanidad.<br>Arriesgan al mundo con sus aventuras b\u00e9licas y la espiral de violencia que se toma grandes \u00e1reas<br>del planeta. Pero tambi\u00e9n vivimos tiempos de esperanza, porque surgen numerosas voces<br>denunciando la crueldad y la maldad de la guerra. Figuras como el Santo Padre el Papa Le\u00f3n XIV,<br>l\u00edder de la iglesia cat\u00f3lica, el secretario general de ONU Antonio Gut\u00e9rrez, los ex presidentes de los<br>Estados Unidos, Barack Obama y Joe Biden quienes claman por la paz, y la b\u00fasqueda de<br>soluciones a trav\u00e9s del di\u00e1logo. Tambi\u00e9n constituye una se\u00f1al de esperanza, el que se recurra a<br>los organismos internacionales creados para juzgar y sancionar los cr\u00edmenes m\u00e1s atroces que<br>pueden cometer los gobiernos. As\u00ed lo han hecho los jefes de estado de Sud\u00e1frica, B\u00e9lgica, Pa\u00edses<br>bajos, Islandia, Brasil, Chile, M\u00e9xico, y otros veinte pa\u00edses que han patrocinado una demanda ante<br>la Corte Internacional de Justicia de La haya por cr\u00edmenes de lesa humanidad cometidos por el<br>estado de Israel en Gaza y por los ataques del grupo Ham\u00e1s de octubre de 2023 contra poblaci\u00f3n<br>civil de Israel.<br>Un aspirante a emperador un aprendiz de aut\u00f3crata, presa de una sed de poder y codicia<br>sin l\u00edmites, en el norte del continente, juega con las vidas de los soldados de uno de los ej\u00e9rcitos<br>m\u00e1s poderosos del mundo. En los Idus de marzo del a\u00f1o 2026 su suerte parece estar echada, sus<br>detractores se multiplican, su guerra se prolonga indefinidamente, y el mundo entero y su<br>econom\u00eda penden de un hilo que \u00e9l tironea con torpes manos. Varios ya le dijeron \u201cCu\u00eddate de los<br>idus de marzo\u201d, pero \u00e9l, igual que antes, no escucha.<br>Ernesto Sep\u00falveda Tornero<\/p>\n","protected":false},"excerpt":{"rendered":"<p>Para los amantes de la historia el mes de marzo, se recuerda entre otras cosas por \u201cLosIdus de marzo\u201d. Muy pocos saben de donde proviene la expresi\u00f3n. Pero vamos por&#8230; <a class=\"read-more\" href=\"https:\/\/www.radiopresidenteibanez.cl\/web\/los-idus-de-marzo-2\/\">Leer m\u00e1s<\/a><\/p>\n","protected":false},"author":2,"featured_media":63161,"comment_status":"closed","ping_status":"closed","sticky":false,"template":"","format":"standard","meta":{"footnotes":""},"categories":[1],"tags":[],"class_list":["post-63160","post","type-post","status-publish","format-standard","has-post-thumbnail","hentry","category-cronica"],"_links":{"self":[{"href":"https:\/\/www.radiopresidenteibanez.cl\/web\/wp-json\/wp\/v2\/posts\/63160","targetHints":{"allow":["GET"]}}],"collection":[{"href":"https:\/\/www.radiopresidenteibanez.cl\/web\/wp-json\/wp\/v2\/posts"}],"about":[{"href":"https:\/\/www.radiopresidenteibanez.cl\/web\/wp-json\/wp\/v2\/types\/post"}],"author":[{"embeddable":true,"href":"https:\/\/www.radiopresidenteibanez.cl\/web\/wp-json\/wp\/v2\/users\/2"}],"replies":[{"embeddable":true,"href":"https:\/\/www.radiopresidenteibanez.cl\/web\/wp-json\/wp\/v2\/comments?post=63160"}],"version-history":[{"count":1,"href":"https:\/\/www.radiopresidenteibanez.cl\/web\/wp-json\/wp\/v2\/posts\/63160\/revisions"}],"predecessor-version":[{"id":63162,"href":"https:\/\/www.radiopresidenteibanez.cl\/web\/wp-json\/wp\/v2\/posts\/63160\/revisions\/63162"}],"wp:featuredmedia":[{"embeddable":true,"href":"https:\/\/www.radiopresidenteibanez.cl\/web\/wp-json\/wp\/v2\/media\/63161"}],"wp:attachment":[{"href":"https:\/\/www.radiopresidenteibanez.cl\/web\/wp-json\/wp\/v2\/media?parent=63160"}],"wp:term":[{"taxonomy":"category","embeddable":true,"href":"https:\/\/www.radiopresidenteibanez.cl\/web\/wp-json\/wp\/v2\/categories?post=63160"},{"taxonomy":"post_tag","embeddable":true,"href":"https:\/\/www.radiopresidenteibanez.cl\/web\/wp-json\/wp\/v2\/tags?post=63160"}],"curies":[{"name":"wp","href":"https:\/\/api.w.org\/{rel}","templated":true}]}}