{"id":63149,"date":"2026-03-13T17:56:00","date_gmt":"2026-03-13T20:56:00","guid":{"rendered":"https:\/\/www.radiopresidenteibanez.cl\/web\/?p=63149"},"modified":"2026-03-13T17:29:06","modified_gmt":"2026-03-13T20:29:06","slug":"brecha-salarial-en-siglo-xxi","status":"publish","type":"post","link":"https:\/\/www.radiopresidenteibanez.cl\/web\/brecha-salarial-en-siglo-xxi\/","title":{"rendered":"Brecha salarial en siglo XXI"},"content":{"rendered":"\n<p>El&nbsp;D\u00eda Internacional de la Mujer, conmemorado el&nbsp;8 de marzo, nos recuerda la hist\u00f3rica<br>lucha de las mujeres por la&nbsp;igualdad, la justicia y mejores condiciones laborales y<br>salariales. En los \u00faltimos a\u00f1os estas condiciones se han ido fortaleciendo, con avances<br>como la&nbsp;Ley N\u00b020.545 vinculada a la protecci\u00f3n a la maternidad, el acceso a la sala cuna,<br>la creaci\u00f3n del Servicio Nacional de la Mujer y Equidad de G\u00e9nero (SERNAMEG)&nbsp;y<br>recientemente la adaptaci\u00f3n de jornadas laborales como el teletrabajo parcial. Sin<br>embargo, al a\u00f1o&nbsp;2026, la&nbsp;reducci\u00f3n de la brecha salarial&nbsp;entre hombres y mujeres sigue<br>siendo un desaf\u00edo.<br>La&nbsp;Encuesta Suplementaria de Ingresos (ESI) 2024 se\u00f1ala que en la regi\u00f3n<br>de&nbsp;Magallanes y de la Ant\u00e1rtica Chilena, los hombres, que representan el&nbsp;57,4%&nbsp;de la<br>poblaci\u00f3n ocupada, percibieron un ingreso medio mensual de&nbsp;$1.186.021, mientras que<br>las mujeres, con un&nbsp;42,6%&nbsp;de participaci\u00f3n, alcanzaron&nbsp;$881.952, reflejando una&nbsp;brecha<br>de g\u00e9nero en -25,6%&nbsp;en desmedro de las mujeres. Aunque el ingreso promedio femenino<br>ha aumentado en los \u00faltimos cuatro a\u00f1os, las desigualdades persisten, y tras el retorno<br>progresivo a la presencialidad post pandemia, la brecha se ha mantenido estancada<br>durante&nbsp;2023 y 2024, evidenciando un problema estructural que afecta principalmente a<br>las mujeres, en un mercado laboral que sigue siendo mayoritariamente masculino.<br>En s\u00edntesis, el crecimiento del ingreso medio&nbsp;no ha ido acompa\u00f1ado de una mejora en la<br>equidad salarial, y mientras esta no sea una prioridad, la desigualdad en este \u00e1mbito se<br>mantendr\u00e1. Desde la&nbsp;educaci\u00f3n superior, y espec\u00edficamente desde la&nbsp;carrera de Servicio<br>Social, tenemos el deber de formar profesionales con&nbsp;valores \u00e9ticos, capaces de<br>promover&nbsp;justicia social, trabajo digno y dignidad para todas las personas, reconociendo<br>que la econom\u00eda se fortalece con la contribuci\u00f3n equitativa de toda la poblaci\u00f3n.<\/p>\n\n\n\n<p>Marcela Gacit\u00faa<br>Directora de Carrera \u00c1rea de Ciencias Sociales IPST, Punta Arenas.<\/p>\n","protected":false},"excerpt":{"rendered":"<p>El&nbsp;D\u00eda Internacional de la Mujer, conmemorado el&nbsp;8 de marzo, nos recuerda la hist\u00f3ricalucha de las mujeres por la&nbsp;igualdad, la justicia y mejores condiciones laborales ysalariales. En los \u00faltimos a\u00f1os estas&#8230; <a class=\"read-more\" href=\"https:\/\/www.radiopresidenteibanez.cl\/web\/brecha-salarial-en-siglo-xxi\/\">Leer m\u00e1s<\/a><\/p>\n","protected":false},"author":2,"featured_media":63153,"comment_status":"closed","ping_status":"closed","sticky":false,"template":"","format":"standard","meta":{"footnotes":""},"categories":[1],"tags":[],"class_list":["post-63149","post","type-post","status-publish","format-standard","has-post-thumbnail","hentry","category-cronica"],"_links":{"self":[{"href":"https:\/\/www.radiopresidenteibanez.cl\/web\/wp-json\/wp\/v2\/posts\/63149","targetHints":{"allow":["GET"]}}],"collection":[{"href":"https:\/\/www.radiopresidenteibanez.cl\/web\/wp-json\/wp\/v2\/posts"}],"about":[{"href":"https:\/\/www.radiopresidenteibanez.cl\/web\/wp-json\/wp\/v2\/types\/post"}],"author":[{"embeddable":true,"href":"https:\/\/www.radiopresidenteibanez.cl\/web\/wp-json\/wp\/v2\/users\/2"}],"replies":[{"embeddable":true,"href":"https:\/\/www.radiopresidenteibanez.cl\/web\/wp-json\/wp\/v2\/comments?post=63149"}],"version-history":[{"count":1,"href":"https:\/\/www.radiopresidenteibanez.cl\/web\/wp-json\/wp\/v2\/posts\/63149\/revisions"}],"predecessor-version":[{"id":63154,"href":"https:\/\/www.radiopresidenteibanez.cl\/web\/wp-json\/wp\/v2\/posts\/63149\/revisions\/63154"}],"wp:featuredmedia":[{"embeddable":true,"href":"https:\/\/www.radiopresidenteibanez.cl\/web\/wp-json\/wp\/v2\/media\/63153"}],"wp:attachment":[{"href":"https:\/\/www.radiopresidenteibanez.cl\/web\/wp-json\/wp\/v2\/media?parent=63149"}],"wp:term":[{"taxonomy":"category","embeddable":true,"href":"https:\/\/www.radiopresidenteibanez.cl\/web\/wp-json\/wp\/v2\/categories?post=63149"},{"taxonomy":"post_tag","embeddable":true,"href":"https:\/\/www.radiopresidenteibanez.cl\/web\/wp-json\/wp\/v2\/tags?post=63149"}],"curies":[{"name":"wp","href":"https:\/\/api.w.org\/{rel}","templated":true}]}}