{"id":63146,"date":"2026-03-13T16:39:00","date_gmt":"2026-03-13T19:39:00","guid":{"rendered":"https:\/\/www.radiopresidenteibanez.cl\/web\/?p=63146"},"modified":"2026-03-13T16:20:02","modified_gmt":"2026-03-13T19:20:02","slug":"gillian-wooldridge-el-gaucho-antartico","status":"publish","type":"post","link":"https:\/\/www.radiopresidenteibanez.cl\/web\/gillian-wooldridge-el-gaucho-antartico\/","title":{"rendered":"Gillian Wooldridge, el gaucho ant\u00e1rtico"},"content":{"rendered":"\n<p>Cada expedici\u00f3n en el Continente Blanco requiere una coordinaci\u00f3n log\u00edstica compleja con varios meses de planificaci\u00f3n. Gillian Wooldridge es integrante del Departamento de Expediciones del Instituto Ant\u00e1rtico Chileno (INACH) y trabaja en el Centro de Distribuci\u00f3n Ant\u00e1rtico que este servicio tiene en dependencias de la Empresa Portuaria Austral en el muelle Prat (Punta Arenas).&nbsp;<\/p>\n\n\n\n<p>Wooldridge lleva tres a\u00f1os en la instituci\u00f3n ejerciendo distintas tareas en el \u00e1mbito log\u00edstico, como operador de gr\u00faa horquilla, apoyo en bodega, en buques y bases ant\u00e1rticas. Su labor facilita el traslado de personas, el transporte de insumos b\u00e1sicos, materiales, herramientas y diversos implementos log\u00edsticos \u2014entre ellos, la indumentaria adecuada para la estad\u00eda\u2014, elementos fundamentales para el desarrollo de las misiones y la supervivencia en el territorio polar.<\/p>\n\n\n\n<p><strong>Trayectoria y compromiso<\/strong><\/p>\n\n\n\n<p>Oriundo de Punta Arenas, Wooldridge se integr\u00f3 al INACH el a\u00f1o 2023. Es t\u00e9cnico agropecuario, trabaj\u00f3 durante 10 a\u00f1os en el Servicio Agr\u00edcola y Ganadero (SAG) y su primer acercamiento formal con el INACH sucedi\u00f3 entre finales de 2022 y principios de 2023, cuando decidi\u00f3 postular al puesto de log\u00edstico. \u201cEn esa oportunidad, no qued\u00e9\u201d, relata. \u201cSin embargo, mi curr\u00edculum lleg\u00f3 al Departamento de Expediciones, donde necesitaban un operador de maquinaria. Me ofrecieron trabajar un tiempo en la bodega, donde podr\u00eda sumar experiencia en temas ant\u00e1rticos y as\u00ed postular con mejores herramientas a la siguiente campa\u00f1a\u201d.&nbsp;<\/p>\n\n\n\n<p>Desde ese momento se integr\u00f3 de forma permanente a la instituci\u00f3n, realizando tareas esenciales para que el personal en la Ant\u00e1rtica reciba sus insumos a tiempo en el Continente Blanco.&nbsp;<\/p>\n\n\n\n<p><strong>Detr\u00e1s de la ciencia ant\u00e1rtica<\/strong><\/p>\n\n\n\n<p>La importancia del rol log\u00edstico que desempe\u00f1a Wooldridge es fundamental para la ejecuci\u00f3n de la ciencia en el INACH. \u00c9l mismo afirma que \u201csin log\u00edstica no hay ciencia; si no hay coordinaci\u00f3n y env\u00edo de materiales, la ciencia no se puede realizar\u201d. Esta labor de preparaci\u00f3n y recepci\u00f3n de carga es la que permite que los recursos necesarios se trasladen y se puedan llevar a cabo todos los proyectos en el territorio.<\/p>\n\n\n\n<p>Para \u00e9l, el mayor reto dentro del Instituto no fue solo la operaci\u00f3n t\u00e9cnica, sino comprender a fondo el funcionamiento del Continente Blanco, interiorizarse con los protocolos, las normativas y las funciones que se cumplen en las diferentes bases ant\u00e1rticas. Asimismo, destaca como un proceso reconfortante el haber pasado de trabajar tanto tiempo de forma individual a la colaboraci\u00f3n estrecha con un buen equipo integrado por 11 personas.<\/p>\n\n\n\n<p>\u201cMi labor principal en la bodega es preparar, enviar y recibir cargas desde que se abre la temporada de ECA que se extiende desde octubre hasta marzo. El resto de meses sigo como apoyo en la bodega, m\u00e1s que nada realizando funciones de inventario y revisi\u00f3n de materiales del departamento\u201d, comenta Wooldridge.<\/p>\n\n\n\n<p><strong>El gaucho ant\u00e1rtico<\/strong><\/p>\n\n\n\n<p>Su trayectoria est\u00e1 profundamente ligada a la tierra, una herencia familiar transmitida por su padre, quien trabaj\u00f3 toda la vida en ese rubro. Es por ello que siempre se ha caracterizado por usar boina y vestir con un aspecto inspirado en el t\u00edpico gaucho patag\u00f3nico.&nbsp;<\/p>\n\n\n\n<p>Al respecto, menciona que ya es reconocido entre las y los investigadores que com\u00fanmente viajan al Continente Blanco: \u201cLos uruguayos me conocen como el \u2018gaucho ant\u00e1rtico\u2019. Antes usaba tambi\u00e9n bombachas, actualmente solo uso&nbsp;<em>jeans<\/em>&nbsp;porque trabajando en la bodega se da\u00f1aron todas. Necesito renovarlas\u201d.<\/p>\n\n\n\n<p>Lo que mantiene motivado al \u201cgaucho ant\u00e1rtico\u201d es, precisamente, el dinamismo de su entorno laboral. Ning\u00fan d\u00eda es igual al anterior, su jornada oscila entre la gesti\u00f3n de compras de suministros, la recepci\u00f3n de carga en el aeropuerto y la comunicaci\u00f3n con los diversos departamentos de la Instituci\u00f3n. Esta versatilidad asegura que naves como el&nbsp;<em>Aquiles&nbsp;<\/em>o la&nbsp;<em>Karpuj<\/em>, junto a las diversas aeronaves, partan siempre con todo lo necesario para que el equipo de investigaci\u00f3n cumpla sus metas en el territorio polar.&nbsp;<\/p>\n","protected":false},"excerpt":{"rendered":"<p>Cada expedici\u00f3n en el Continente Blanco requiere una coordinaci\u00f3n log\u00edstica compleja con varios meses de planificaci\u00f3n. Gillian Wooldridge es integrante del Departamento de Expediciones del Instituto Ant\u00e1rtico Chileno (INACH) y&#8230; <a class=\"read-more\" href=\"https:\/\/www.radiopresidenteibanez.cl\/web\/gillian-wooldridge-el-gaucho-antartico\/\">Leer m\u00e1s<\/a><\/p>\n","protected":false},"author":2,"featured_media":63147,"comment_status":"closed","ping_status":"closed","sticky":false,"template":"","format":"standard","meta":{"footnotes":""},"categories":[1],"tags":[],"class_list":["post-63146","post","type-post","status-publish","format-standard","has-post-thumbnail","hentry","category-cronica"],"_links":{"self":[{"href":"https:\/\/www.radiopresidenteibanez.cl\/web\/wp-json\/wp\/v2\/posts\/63146","targetHints":{"allow":["GET"]}}],"collection":[{"href":"https:\/\/www.radiopresidenteibanez.cl\/web\/wp-json\/wp\/v2\/posts"}],"about":[{"href":"https:\/\/www.radiopresidenteibanez.cl\/web\/wp-json\/wp\/v2\/types\/post"}],"author":[{"embeddable":true,"href":"https:\/\/www.radiopresidenteibanez.cl\/web\/wp-json\/wp\/v2\/users\/2"}],"replies":[{"embeddable":true,"href":"https:\/\/www.radiopresidenteibanez.cl\/web\/wp-json\/wp\/v2\/comments?post=63146"}],"version-history":[{"count":1,"href":"https:\/\/www.radiopresidenteibanez.cl\/web\/wp-json\/wp\/v2\/posts\/63146\/revisions"}],"predecessor-version":[{"id":63148,"href":"https:\/\/www.radiopresidenteibanez.cl\/web\/wp-json\/wp\/v2\/posts\/63146\/revisions\/63148"}],"wp:featuredmedia":[{"embeddable":true,"href":"https:\/\/www.radiopresidenteibanez.cl\/web\/wp-json\/wp\/v2\/media\/63147"}],"wp:attachment":[{"href":"https:\/\/www.radiopresidenteibanez.cl\/web\/wp-json\/wp\/v2\/media?parent=63146"}],"wp:term":[{"taxonomy":"category","embeddable":true,"href":"https:\/\/www.radiopresidenteibanez.cl\/web\/wp-json\/wp\/v2\/categories?post=63146"},{"taxonomy":"post_tag","embeddable":true,"href":"https:\/\/www.radiopresidenteibanez.cl\/web\/wp-json\/wp\/v2\/tags?post=63146"}],"curies":[{"name":"wp","href":"https:\/\/api.w.org\/{rel}","templated":true}]}}