{"id":63137,"date":"2026-03-13T13:09:00","date_gmt":"2026-03-13T16:09:00","guid":{"rendered":"https:\/\/www.radiopresidenteibanez.cl\/web\/?p=63137"},"modified":"2026-03-13T11:00:19","modified_gmt":"2026-03-13T14:00:19","slug":"pulso-sindical-27","status":"publish","type":"post","link":"https:\/\/www.radiopresidenteibanez.cl\/web\/pulso-sindical-27\/","title":{"rendered":"Pulso Sindical"},"content":{"rendered":"\n<p>\u00ab. ensayar en la tierra la alegr\u00eda y el canto porque de nada vale, si hay un ni\u00f1o en la calle..\u00bb ******* Estamos y estaremos dispuestos, siempre, para apoyar toda iniciativa que tenga por objetivo la reunion de grupos u organizaciones, que carezcan de espacio para realizar sus encuentros. Y es que tenemos claro que no todos cuentan con los recursos necesarios para gestionar. Hicimos una gran inversi\u00f3n para dotarnos de espacios en la sede, en la idea que adem\u00e1s de la reuni\u00f3n de directivas tambi\u00e9n se puedan realizar asambleas y encuentros cuando se requiera. Las instalaciones est\u00e1n dispuestas para todos, considerando solo como limitante el que puedan estar ocupadas por nuestros asociados, lo que no ocurre todos los d\u00edas ni en todos los horarios, asi es que siempre habr\u00e1 un lugar para trabajar. No cobramos por facilitarlas, y es que las vimos negras cuando no ten\u00edamos un lugar f\u00edsico para reunirnos y deb\u00edamos mirar caras para conseguirlo. Solo se piden aportes en art\u00edculos de aseo y de escritorio, seg\u00fan nuestras necesidades. Es un acto de solidaridad, el primero al que debemos estar dispuestos todos los sindicalistas de clase, pues en la medida en que despejemos las trabas, m\u00e1s podremos avanzar. ******** Nuestra fuerza la Unidad Nuestra meta la Victoria<\/p>\n","protected":false},"excerpt":{"rendered":"<p>\u00ab. ensayar en la tierra la alegr\u00eda y el canto porque de nada vale, si hay un ni\u00f1o en la calle..\u00bb ******* Estamos y estaremos dispuestos, siempre, para apoyar toda&#8230; <a class=\"read-more\" href=\"https:\/\/www.radiopresidenteibanez.cl\/web\/pulso-sindical-27\/\">Leer m\u00e1s<\/a><\/p>\n","protected":false},"author":2,"featured_media":63103,"comment_status":"closed","ping_status":"closed","sticky":false,"template":"","format":"standard","meta":{"footnotes":""},"categories":[1],"tags":[],"class_list":["post-63137","post","type-post","status-publish","format-standard","has-post-thumbnail","hentry","category-cronica"],"_links":{"self":[{"href":"https:\/\/www.radiopresidenteibanez.cl\/web\/wp-json\/wp\/v2\/posts\/63137","targetHints":{"allow":["GET"]}}],"collection":[{"href":"https:\/\/www.radiopresidenteibanez.cl\/web\/wp-json\/wp\/v2\/posts"}],"about":[{"href":"https:\/\/www.radiopresidenteibanez.cl\/web\/wp-json\/wp\/v2\/types\/post"}],"author":[{"embeddable":true,"href":"https:\/\/www.radiopresidenteibanez.cl\/web\/wp-json\/wp\/v2\/users\/2"}],"replies":[{"embeddable":true,"href":"https:\/\/www.radiopresidenteibanez.cl\/web\/wp-json\/wp\/v2\/comments?post=63137"}],"version-history":[{"count":1,"href":"https:\/\/www.radiopresidenteibanez.cl\/web\/wp-json\/wp\/v2\/posts\/63137\/revisions"}],"predecessor-version":[{"id":63138,"href":"https:\/\/www.radiopresidenteibanez.cl\/web\/wp-json\/wp\/v2\/posts\/63137\/revisions\/63138"}],"wp:featuredmedia":[{"embeddable":true,"href":"https:\/\/www.radiopresidenteibanez.cl\/web\/wp-json\/wp\/v2\/media\/63103"}],"wp:attachment":[{"href":"https:\/\/www.radiopresidenteibanez.cl\/web\/wp-json\/wp\/v2\/media?parent=63137"}],"wp:term":[{"taxonomy":"category","embeddable":true,"href":"https:\/\/www.radiopresidenteibanez.cl\/web\/wp-json\/wp\/v2\/categories?post=63137"},{"taxonomy":"post_tag","embeddable":true,"href":"https:\/\/www.radiopresidenteibanez.cl\/web\/wp-json\/wp\/v2\/tags?post=63137"}],"curies":[{"name":"wp","href":"https:\/\/api.w.org\/{rel}","templated":true}]}}