{"id":63134,"date":"2026-03-13T11:49:00","date_gmt":"2026-03-13T14:49:00","guid":{"rendered":"https:\/\/www.radiopresidenteibanez.cl\/web\/?p=63134"},"modified":"2026-03-13T10:53:42","modified_gmt":"2026-03-13T13:53:42","slug":"del-suelo-de-magallanes-al-mercado-global-de-carbono-plan-c-convoca-conversatorio-internacional-en-punta-arenas","status":"publish","type":"post","link":"https:\/\/www.radiopresidenteibanez.cl\/web\/del-suelo-de-magallanes-al-mercado-global-de-carbono-plan-c-convoca-conversatorio-internacional-en-punta-arenas\/","title":{"rendered":"DEL SUELO DE MAGALLANES AL MERCADO GLOBAL DE CARBONO: PLAN-C CONVOCA CONVERSATORIO INTERNACIONAL EN PUNTA ARENAS"},"content":{"rendered":"\n<p>&nbsp;Con el objetivo de abrir un di\u00e1logo t\u00e9cnico sobre el rol de los suelos patag\u00f3nicos en la acci\u00f3n clim\u00e1tica global, la empresa Plan-C realizar\u00e1 el pr\u00f3ximo 16 de marzo la II Jornada de Conversatorios del proyecto Respira Patagonia, instancia que se desarrollar\u00e1 entre las 15:00 y las 17:45 horas en el Auditorio ACHS de Punta Arenas. El encuentro abordar\u00e1 el v\u00ednculo entre la regeneraci\u00f3n de suelos en la Patagonia y el mercado global de carbono, un mecanismo que permite canalizar financiamiento internacional hacia proyectos que contribuyen a reducir o remover gases de efecto invernadero.<\/p>\n\n\n\n<p>La jornada contar\u00e1 con la participaci\u00f3n de Angelo Sartori, Senior Director de Participaci\u00f3n Gubernamental de Verra, organizaci\u00f3n internacional que administra uno de los principales est\u00e1ndares de certificaci\u00f3n de cr\u00e9ditos de carbono a nivel mundial. Durante su exposici\u00f3n, Sartori analizar\u00e1 el mercado de carbono como una herramienta para movilizar financiamiento hacia proyectos de restauraci\u00f3n y acci\u00f3n clim\u00e1tica.<\/p>\n\n\n\n<p>El conversatorio tambi\u00e9n incluir\u00e1 la participaci\u00f3n de Manuel Velapati\u00f1o, Director de Finanzas de Carbono de Conservation International, quien abordar\u00e1 el funcionamiento del mercado de carbono y su impacto en iniciativas ambientales y territoriales.<\/p>\n\n\n\n<p>Por parte de Plan-C, expondr\u00e1n Walter Ojeda, Director T\u00e9cnico del proyecto Respira Patagonia, quien presentar\u00e1 los avances y desarrollos de la iniciativa en la regi\u00f3n de Magallanes, y Jaime Noguera, Gerente Comercial de la compa\u00f1\u00eda, quien analizar\u00e1 nuevas perspectivas para la regeneraci\u00f3n de ecosistemas y la gesti\u00f3n sostenible del territorio.<\/p>\n\n\n\n<p>Respira Patagonia es un proyecto de acci\u00f3n clim\u00e1tica orientado a fortalecer la salud de los suelos de la estepa magall\u00e1nica mediante pr\u00e1cticas de ganader\u00eda regenerativa, contribuyendo simult\u00e1neamente a mejorar la productividad predial y a capturar carbono atmosf\u00e9rico.<\/p>\n\n\n\n<p>La iniciativa se proyecta en un horizonte superior a 20 a\u00f1os y estima un potencial de remoci\u00f3n de 17,8 millones de toneladas de CO\u2082 equivalente, cifra que se encuentra sujeta a los procesos internacionales de validaci\u00f3n y verificaci\u00f3n correspondientes.<\/p>\n\n\n\n<p>Desde Plan-C se\u00f1alaron que el objetivo del conversatorio es acercar el funcionamiento del mercado de carbono a actores del territorio, incluyendo productores ganaderos, autoridades p\u00fablicas, academia y ciudadan\u00eda interesada en los desaf\u00edos de la transici\u00f3n clim\u00e1tica. La actividad es abierta con cupos limitados y quienes deseen participar pueden confirmar asistencia escribiendo al correo contacto@plan-c.land<\/p>\n","protected":false},"excerpt":{"rendered":"<p>&nbsp;Con el objetivo de abrir un di\u00e1logo t\u00e9cnico sobre el rol de los suelos patag\u00f3nicos en la acci\u00f3n clim\u00e1tica global, la empresa Plan-C realizar\u00e1 el pr\u00f3ximo 16 de marzo la&#8230; <a class=\"read-more\" href=\"https:\/\/www.radiopresidenteibanez.cl\/web\/del-suelo-de-magallanes-al-mercado-global-de-carbono-plan-c-convoca-conversatorio-internacional-en-punta-arenas\/\">Leer m\u00e1s<\/a><\/p>\n","protected":false},"author":2,"featured_media":63135,"comment_status":"closed","ping_status":"closed","sticky":false,"template":"","format":"standard","meta":{"footnotes":""},"categories":[1],"tags":[],"class_list":["post-63134","post","type-post","status-publish","format-standard","has-post-thumbnail","hentry","category-cronica"],"_links":{"self":[{"href":"https:\/\/www.radiopresidenteibanez.cl\/web\/wp-json\/wp\/v2\/posts\/63134","targetHints":{"allow":["GET"]}}],"collection":[{"href":"https:\/\/www.radiopresidenteibanez.cl\/web\/wp-json\/wp\/v2\/posts"}],"about":[{"href":"https:\/\/www.radiopresidenteibanez.cl\/web\/wp-json\/wp\/v2\/types\/post"}],"author":[{"embeddable":true,"href":"https:\/\/www.radiopresidenteibanez.cl\/web\/wp-json\/wp\/v2\/users\/2"}],"replies":[{"embeddable":true,"href":"https:\/\/www.radiopresidenteibanez.cl\/web\/wp-json\/wp\/v2\/comments?post=63134"}],"version-history":[{"count":1,"href":"https:\/\/www.radiopresidenteibanez.cl\/web\/wp-json\/wp\/v2\/posts\/63134\/revisions"}],"predecessor-version":[{"id":63136,"href":"https:\/\/www.radiopresidenteibanez.cl\/web\/wp-json\/wp\/v2\/posts\/63134\/revisions\/63136"}],"wp:featuredmedia":[{"embeddable":true,"href":"https:\/\/www.radiopresidenteibanez.cl\/web\/wp-json\/wp\/v2\/media\/63135"}],"wp:attachment":[{"href":"https:\/\/www.radiopresidenteibanez.cl\/web\/wp-json\/wp\/v2\/media?parent=63134"}],"wp:term":[{"taxonomy":"category","embeddable":true,"href":"https:\/\/www.radiopresidenteibanez.cl\/web\/wp-json\/wp\/v2\/categories?post=63134"},{"taxonomy":"post_tag","embeddable":true,"href":"https:\/\/www.radiopresidenteibanez.cl\/web\/wp-json\/wp\/v2\/tags?post=63134"}],"curies":[{"name":"wp","href":"https:\/\/api.w.org\/{rel}","templated":true}]}}