{"id":63126,"date":"2026-03-13T09:03:00","date_gmt":"2026-03-13T12:03:00","guid":{"rendered":"https:\/\/www.radiopresidenteibanez.cl\/web\/?p=63126"},"modified":"2026-03-13T09:52:48","modified_gmt":"2026-03-13T12:52:48","slug":"boletin-informativo-orbe-125","status":"publish","type":"post","link":"https:\/\/www.radiopresidenteibanez.cl\/web\/boletin-informativo-orbe-125\/","title":{"rendered":"Boletin Informativo ORBE"},"content":{"rendered":"\n<p>SANTIAGO.-Este viernes, la encuestra Black &amp; White entreg\u00f3<br>los primeros resultados del sondeo respecto al cambio de<br>mando que se desarroll\u00f3 el mi\u00e9rcoles 11 de marzo, en<br>especial, respecto a las proyecciones en torno al gobierno de<br>emergencia del Presidente Jos\u00e9 Antonio Kast.La mayor\u00eda<br>considera que el gobierno entrante\u00bbser\u00e1 mejor que el ex<br>gobierno de Gabriel Boric, enseguridad y delincuencia;<br>crecimiento econ\u00f3mico; y relaciones internacionales\u00bb.<\/p>\n\n\n\n<p>SANTIAGO.- As\u00ed lo refleja en el manejo de seguridad y<br>delincuencia 56 por ciento; crecimiento econ\u00f3mico, 55 por<br>ciento; relaciones internacionales, 54 por ciento. Por otro<br>lado, la mayor\u00eda relativa considera que ser\u00e1 peor en:<br>desarrollo de pol\u00edticas sociales 46 por ciento, estabilidad y<br>cohesi\u00f3n social, 43 por ciento, y b\u00fasqueda de la unidad y<br>manejo de la polarizaci\u00f3n, 44 por ciento.<\/p>\n\n\n\n<p>SANTIAGO.-En tanto, entre quienes sintonizaron el cambio de<br>mando, la gran mayor\u00eda, 91 por cuento, eval\u00faa muy bien, 48<br>por ciento, o bien 43 por ciento, el traspaso. La<br>proporci\u00f3n de quienes lo eval\u00faan muy bien aumenta entre<br>hombres, del segmento socioecon\u00f3mico ABC1 y C2 y a medida que<br>aumenta la edad.<\/p>\n\n\n\n<p>SANTIAGO.- En otro punto, la mayor\u00eda relativa, 25 por ciento,<br>considera que, de los ministros que conforman el gabinete<br>del presidente Kast, Iv\u00e1n Poduje ser\u00e1 quien destacar\u00e1 m\u00e1s por<br>su desempe\u00f1o.<br>Despu\u00e9s se ubican, la ministra de Seguridad, Trinidad<br>Steinert,17 por ciento; la ministra de Energ\u00eda, Ximena<br>Rinc\u00f3n, 15 por ciento; y la ministra vocera de Gobierno, Mara<br>Sedini, 13 por ciento.<\/p>\n\n\n\n<p>VALPARAISO.- Una falla mec\u00e1nica afect\u00f3 la \u00faltima jornada al<br>veh\u00edculo fiscal de la ministra de la Mujer y Equidad de<br>G\u00e9nero, Judith Mar\u00edn, luego de participar de una actividad en<br>la Regi\u00f3n de Valpara\u00edso. Seg\u00fan antecedentes preliminares, el<br>autom\u00f3vil sufri\u00f3 la ruptura de sus frenos, lo que oblig\u00f3 a la<br>Secretaria de Estado a volver a Santiago en el veh\u00edculo de la<br>Seremi de la Mujer regional.<\/p>\n\n\n\n<p>VALPARAISO.- Seg\u00edn se conoci\u00f3, ven\u00eda de participar de una<br>actividad junto al delegado presidencial Manuel Millones en<br>el Campamento Manuel Bustos de Vi\u00f1a del Mar. La ministra se<br>refiri\u00f3 al incidente a trav\u00e9s de su cuenta de X y afirm\u00f3 que<br>el desperfecto fue descubierto oportunamente.<\/p>\n\n\n\n<p>SANTIAGO.- Uni\u00f3n Espa\u00f1ola anunci\u00f3 que Ronald Fuentes se<br>convirti\u00f3 en nuevo director t\u00e9cnico del equipo, tras la<br>salida en la misma jornada del entrenador Gonzalo Villagra.<br>En un comunicado, destacaron el arribo de Fuentes, apuntando<br>que \u00abes un conocedor del club, habiendo dirigido tanto en el<br>f\u00fatbol joven como en el primer equipo. Fuentes estaba sin<br>equipo tras su salida de \u00d1ublense a finales de 2025,.<\/p>\n","protected":false},"excerpt":{"rendered":"<p>SANTIAGO.-Este viernes, la encuestra Black &amp; White entreg\u00f3los primeros resultados del sondeo respecto al cambio demando que se desarroll\u00f3 el mi\u00e9rcoles 11 de marzo, enespecial, respecto a las proyecciones en&#8230; <a class=\"read-more\" href=\"https:\/\/www.radiopresidenteibanez.cl\/web\/boletin-informativo-orbe-125\/\">Leer m\u00e1s<\/a><\/p>\n","protected":false},"author":2,"featured_media":63049,"comment_status":"closed","ping_status":"closed","sticky":false,"template":"","format":"standard","meta":{"footnotes":""},"categories":[1],"tags":[],"class_list":["post-63126","post","type-post","status-publish","format-standard","has-post-thumbnail","hentry","category-cronica"],"_links":{"self":[{"href":"https:\/\/www.radiopresidenteibanez.cl\/web\/wp-json\/wp\/v2\/posts\/63126","targetHints":{"allow":["GET"]}}],"collection":[{"href":"https:\/\/www.radiopresidenteibanez.cl\/web\/wp-json\/wp\/v2\/posts"}],"about":[{"href":"https:\/\/www.radiopresidenteibanez.cl\/web\/wp-json\/wp\/v2\/types\/post"}],"author":[{"embeddable":true,"href":"https:\/\/www.radiopresidenteibanez.cl\/web\/wp-json\/wp\/v2\/users\/2"}],"replies":[{"embeddable":true,"href":"https:\/\/www.radiopresidenteibanez.cl\/web\/wp-json\/wp\/v2\/comments?post=63126"}],"version-history":[{"count":1,"href":"https:\/\/www.radiopresidenteibanez.cl\/web\/wp-json\/wp\/v2\/posts\/63126\/revisions"}],"predecessor-version":[{"id":63127,"href":"https:\/\/www.radiopresidenteibanez.cl\/web\/wp-json\/wp\/v2\/posts\/63126\/revisions\/63127"}],"wp:featuredmedia":[{"embeddable":true,"href":"https:\/\/www.radiopresidenteibanez.cl\/web\/wp-json\/wp\/v2\/media\/63049"}],"wp:attachment":[{"href":"https:\/\/www.radiopresidenteibanez.cl\/web\/wp-json\/wp\/v2\/media?parent=63126"}],"wp:term":[{"taxonomy":"category","embeddable":true,"href":"https:\/\/www.radiopresidenteibanez.cl\/web\/wp-json\/wp\/v2\/categories?post=63126"},{"taxonomy":"post_tag","embeddable":true,"href":"https:\/\/www.radiopresidenteibanez.cl\/web\/wp-json\/wp\/v2\/tags?post=63126"}],"curies":[{"name":"wp","href":"https:\/\/api.w.org\/{rel}","templated":true}]}}