{"id":63118,"date":"2026-03-13T08:14:21","date_gmt":"2026-03-13T11:14:21","guid":{"rendered":"https:\/\/www.radiopresidenteibanez.cl\/web\/?p=63118"},"modified":"2026-03-13T08:14:22","modified_gmt":"2026-03-13T11:14:22","slug":"conozca-las-actividades-que-realizara-la-fach-en-magallanes-para-celebrar-el-mes-del-aire-y-del-espacio","status":"publish","type":"post","link":"https:\/\/www.radiopresidenteibanez.cl\/web\/conozca-las-actividades-que-realizara-la-fach-en-magallanes-para-celebrar-el-mes-del-aire-y-del-espacio\/","title":{"rendered":"Conozca las actividades que realizar\u00e1 la FACH en Magallanes para celebrar el Mes del Aire y del Espacio"},"content":{"rendered":"\n<p>El domingo 8 de marzo, la IV\u00aa Brigada A\u00e9rea realiz\u00f3 el izamiento del Pabell\u00f3n<br>Nacional, dando inicio oficial en la Regi\u00f3n de Magallanes al Mes del Aire y del<br>Espacio, en el marco de la conmemoraci\u00f3n del 96\u00b0 aniversario de la Fuerza A\u00e9rea<br>de Chile, instituci\u00f3n que celebra un nuevo a\u00f1o de vida el 21 de marzo.<br>En este contexto, la Fuerza A\u00e9rea invita a la ciudadan\u00eda a participar y asistir a las<br>distintas actividades programadas durante el mes, las cuales son abiertas a la<br>comunidad.<br>El viernes 13 de marzo, a las 13:50 horas, se realizar\u00e1 una jornada de limpieza en<br>la Costanera del Estrecho de Magallanes, que tendr\u00e1 como punto de encuentro las<br>\u201cLetras Punta Arenas\u201d, desde donde los participantes avanzar\u00e1n hasta las<br>canchas de b\u00e1squetbol del sector.<br>Posteriormente, el viernes 20 de marzo, a las 11:00 horas, se desarrollar\u00e1 la<br>ceremonia militar por el aniversario institucional en la Plaza Benjam\u00edn Mu\u00f1oz<br>Gamero, actividad que contemplar\u00e1 un desfile terrestre y a\u00e9reo, este \u00faltimo sujeto<br>a las condiciones meteorol\u00f3gicas necesarias para su ejecuci\u00f3n.<br>Las actividades continuar\u00e1n el s\u00e1bado 21 y domingo 22 de marzo, entre 10:00 y<br>18:00 horas, con una exposici\u00f3n est\u00e1tica en Zonaustral (Zona Franca de Punta<br>Arenas). En esta instancia, la comunidad podr\u00e1 conocer de cerca el equipamiento<br>institucional y compartir con Aviadores Militares que cumplen funciones en la<br>regi\u00f3n.<br>Cabe se\u00f1alar que, en este mismo marco, integrantes de la IV\u00aa Brigada A\u00e9rea<br>visitar\u00e1n establecimientos educacionales de la comuna de Punta Arenas para<br>realizar charlas informativas sobre los procesos de ingreso a la Fuerza A\u00e9rea de<br>Chile. Los establecimientos interesados pueden solicitar estas presentaciones al<br>correo fachmagallanes@gmail.com.<\/p>\n","protected":false},"excerpt":{"rendered":"<p>El domingo 8 de marzo, la IV\u00aa Brigada A\u00e9rea realiz\u00f3 el izamiento del Pabell\u00f3nNacional, dando inicio oficial en la Regi\u00f3n de Magallanes al Mes del Aire y delEspacio, en el&#8230; <a class=\"read-more\" href=\"https:\/\/www.radiopresidenteibanez.cl\/web\/conozca-las-actividades-que-realizara-la-fach-en-magallanes-para-celebrar-el-mes-del-aire-y-del-espacio\/\">Leer m\u00e1s<\/a><\/p>\n","protected":false},"author":2,"featured_media":63119,"comment_status":"closed","ping_status":"closed","sticky":false,"template":"","format":"standard","meta":{"footnotes":""},"categories":[1],"tags":[],"class_list":["post-63118","post","type-post","status-publish","format-standard","has-post-thumbnail","hentry","category-cronica"],"_links":{"self":[{"href":"https:\/\/www.radiopresidenteibanez.cl\/web\/wp-json\/wp\/v2\/posts\/63118","targetHints":{"allow":["GET"]}}],"collection":[{"href":"https:\/\/www.radiopresidenteibanez.cl\/web\/wp-json\/wp\/v2\/posts"}],"about":[{"href":"https:\/\/www.radiopresidenteibanez.cl\/web\/wp-json\/wp\/v2\/types\/post"}],"author":[{"embeddable":true,"href":"https:\/\/www.radiopresidenteibanez.cl\/web\/wp-json\/wp\/v2\/users\/2"}],"replies":[{"embeddable":true,"href":"https:\/\/www.radiopresidenteibanez.cl\/web\/wp-json\/wp\/v2\/comments?post=63118"}],"version-history":[{"count":1,"href":"https:\/\/www.radiopresidenteibanez.cl\/web\/wp-json\/wp\/v2\/posts\/63118\/revisions"}],"predecessor-version":[{"id":63120,"href":"https:\/\/www.radiopresidenteibanez.cl\/web\/wp-json\/wp\/v2\/posts\/63118\/revisions\/63120"}],"wp:featuredmedia":[{"embeddable":true,"href":"https:\/\/www.radiopresidenteibanez.cl\/web\/wp-json\/wp\/v2\/media\/63119"}],"wp:attachment":[{"href":"https:\/\/www.radiopresidenteibanez.cl\/web\/wp-json\/wp\/v2\/media?parent=63118"}],"wp:term":[{"taxonomy":"category","embeddable":true,"href":"https:\/\/www.radiopresidenteibanez.cl\/web\/wp-json\/wp\/v2\/categories?post=63118"},{"taxonomy":"post_tag","embeddable":true,"href":"https:\/\/www.radiopresidenteibanez.cl\/web\/wp-json\/wp\/v2\/tags?post=63118"}],"curies":[{"name":"wp","href":"https:\/\/api.w.org\/{rel}","templated":true}]}}