{"id":63112,"date":"2026-03-12T16:54:00","date_gmt":"2026-03-12T19:54:00","guid":{"rendered":"https:\/\/www.radiopresidenteibanez.cl\/web\/?p=63112"},"modified":"2026-03-12T15:57:04","modified_gmt":"2026-03-12T18:57:04","slug":"senador-kusanovic-por-retiro-de-farmacia-la-estrella-del-hospital-clinico-la-medida-no-es-definitiva-estan-buscando-otras-opciones-para-mejorar-las-dependencias-administrativas-del-hospital","status":"publish","type":"post","link":"https:\/\/www.radiopresidenteibanez.cl\/web\/senador-kusanovic-por-retiro-de-farmacia-la-estrella-del-hospital-clinico-la-medida-no-es-definitiva-estan-buscando-otras-opciones-para-mejorar-las-dependencias-administrativas-del-hospital\/","title":{"rendered":"Senador Kusanovic por retiro de farmacia La Estrella del Hospital Cl\u00ednico: \u201cla medida no es definitiva, est\u00e1n buscando otras opciones para mejorar las dependencias administrativas del hospital sin tener que recurrir al cierre de la farmacia\u201d"},"content":{"rendered":"\n<p>Preocupaci\u00f3n ha generado en la comunidad magall\u00e1nica la noticia sobre la eventual salida de la<br>farmacia \u201cLa Estrella\u201d, desde las dependencias del Hospital Cl\u00ednico de Magallanes, episodio que<br>ocurre meses antes de la fecha de t\u00e9rmino del contrato. La medida tendr\u00eda como objeto<br>acelerar la instalaci\u00f3n de lo que ser\u00edan nuevas oficinas y dependencias administrativas para<br>abordar el aumento de personal, seg\u00fan los motivos dados por la direcci\u00f3n del Hospital.<br>Ante las consecuencias negativas y complicaciones que traer\u00eda aparejada esta medida para<br>pacientes y sus familias, el senador Alejandro Kusanovic se ha manifestado contrario a la salida<br>de la farmacia: \u201cMe han llamado muchos pacientes y sus familiares. Est\u00e1n muy preocupados, se<br>les va a complicar m\u00e1s la vida si se va la farmacia, especialmente a los adultos mayores, y eso<br>hay que impedirlo\u201d advirti\u00f3.<br>Ante este escenario, el legislador detallo haber conversado personalmente con la directora del<br>Servicio de Salud de Magallanes, Ver\u00f3nica Y\u00e1\u00f1ez, y con el director del Hospital Cl\u00ednico, Ricardo<br>Contreras, para dar a conocer las inquietudes de los usuarios, instando a las autoridades a<br>buscar alternativas que permitan mantener la farmacia en el establecimiento, sin afectar los<br>servicios que presta el hospital.<br>Kusanovic adelanto que tanto la directora del Servicio de Salud de Magallanes, como el director<br>del Hospital Cl\u00ednico, acogieron favorablemente las inquietudes planteadas y aclaro que \u201cla<br>medida no es definitiva, est\u00e1n buscando otras opciones para mejorar las dependencias<br>administrativas del hospital sin tener que recurrir al cierre de la farmacia\u201d.<\/p>\n","protected":false},"excerpt":{"rendered":"<p>Preocupaci\u00f3n ha generado en la comunidad magall\u00e1nica la noticia sobre la eventual salida de lafarmacia \u201cLa Estrella\u201d, desde las dependencias del Hospital Cl\u00ednico de Magallanes, episodio queocurre meses antes de&#8230; <a class=\"read-more\" href=\"https:\/\/www.radiopresidenteibanez.cl\/web\/senador-kusanovic-por-retiro-de-farmacia-la-estrella-del-hospital-clinico-la-medida-no-es-definitiva-estan-buscando-otras-opciones-para-mejorar-las-dependencias-administrativas-del-hospital\/\">Leer m\u00e1s<\/a><\/p>\n","protected":false},"author":2,"featured_media":63113,"comment_status":"closed","ping_status":"closed","sticky":false,"template":"","format":"standard","meta":{"footnotes":""},"categories":[1],"tags":[],"class_list":["post-63112","post","type-post","status-publish","format-standard","has-post-thumbnail","hentry","category-cronica"],"_links":{"self":[{"href":"https:\/\/www.radiopresidenteibanez.cl\/web\/wp-json\/wp\/v2\/posts\/63112","targetHints":{"allow":["GET"]}}],"collection":[{"href":"https:\/\/www.radiopresidenteibanez.cl\/web\/wp-json\/wp\/v2\/posts"}],"about":[{"href":"https:\/\/www.radiopresidenteibanez.cl\/web\/wp-json\/wp\/v2\/types\/post"}],"author":[{"embeddable":true,"href":"https:\/\/www.radiopresidenteibanez.cl\/web\/wp-json\/wp\/v2\/users\/2"}],"replies":[{"embeddable":true,"href":"https:\/\/www.radiopresidenteibanez.cl\/web\/wp-json\/wp\/v2\/comments?post=63112"}],"version-history":[{"count":1,"href":"https:\/\/www.radiopresidenteibanez.cl\/web\/wp-json\/wp\/v2\/posts\/63112\/revisions"}],"predecessor-version":[{"id":63114,"href":"https:\/\/www.radiopresidenteibanez.cl\/web\/wp-json\/wp\/v2\/posts\/63112\/revisions\/63114"}],"wp:featuredmedia":[{"embeddable":true,"href":"https:\/\/www.radiopresidenteibanez.cl\/web\/wp-json\/wp\/v2\/media\/63113"}],"wp:attachment":[{"href":"https:\/\/www.radiopresidenteibanez.cl\/web\/wp-json\/wp\/v2\/media?parent=63112"}],"wp:term":[{"taxonomy":"category","embeddable":true,"href":"https:\/\/www.radiopresidenteibanez.cl\/web\/wp-json\/wp\/v2\/categories?post=63112"},{"taxonomy":"post_tag","embeddable":true,"href":"https:\/\/www.radiopresidenteibanez.cl\/web\/wp-json\/wp\/v2\/tags?post=63112"}],"curies":[{"name":"wp","href":"https:\/\/api.w.org\/{rel}","templated":true}]}}