{"id":63102,"date":"2026-03-12T14:39:00","date_gmt":"2026-03-12T17:39:00","guid":{"rendered":"https:\/\/www.radiopresidenteibanez.cl\/web\/?p=63102"},"modified":"2026-03-12T11:40:37","modified_gmt":"2026-03-12T14:40:37","slug":"pulso-sindical-26","status":"publish","type":"post","link":"https:\/\/www.radiopresidenteibanez.cl\/web\/pulso-sindical-26\/","title":{"rendered":"Pulso Sindical"},"content":{"rendered":"\n<p>\u00a0\u00ab..con tres heridas yo: la de la vida, la de la muerte, la del amor..\u00bb ********* El art\u00edculo 351 del c\u00f3digo del trabajo, habla de la mediaci\u00f3n obligatoria en el proceso de negociaci\u00f3n colectiva. Enti\u00e9ndase por esto que, votada favorablemente la huelga, las partes tienen 4 d\u00edas para solicitar esta mediaci\u00f3n a la Inspecci\u00f3n del Trabajo, en la idea de encontrar alg\u00fan acuerdo en su proceso. El punto es que si los trabajadores votaron la huelga, no pueden plantearse con posterioridad solicitar la mediaci\u00f3n. No solo hablar\u00eda mal de ellos en cuanto a las razones que tuvieron para convocar la votaci\u00f3n, si no tambi\u00e9n, y lo m\u00e1s grave, deja a la vista ante su contraparte (la empresa) que no est\u00e1n del todo preparados para afrontar una huelga. Es complejo, por cierto, hacer efectiva una huelga, por lo que se debe tener resuelto con anterioridad todo lo relativo a ella, desde las comisiones de trabajo para que no anden los dirigentes para arriba y para abajo haci\u00e9ndolo todo, hasta los recursos econ\u00f3micos para solventar los d\u00edas de paralizaci\u00f3n de los trabajadores. La improvisaci\u00f3n no es una buena consejera cuando se pelea por los derechos de los trabajadores. ********** Nuestra fuerza la Unidad Nuestra meta la Victoria<\/p>\n","protected":false},"excerpt":{"rendered":"<p>\u00a0\u00ab..con tres heridas yo: la de la vida, la de la muerte, la del amor..\u00bb ********* El art\u00edculo 351 del c\u00f3digo del trabajo, habla de la mediaci\u00f3n obligatoria en el&#8230; <a class=\"read-more\" href=\"https:\/\/www.radiopresidenteibanez.cl\/web\/pulso-sindical-26\/\">Leer m\u00e1s<\/a><\/p>\n","protected":false},"author":2,"featured_media":63103,"comment_status":"closed","ping_status":"closed","sticky":false,"template":"","format":"standard","meta":{"footnotes":""},"categories":[1],"tags":[],"class_list":["post-63102","post","type-post","status-publish","format-standard","has-post-thumbnail","hentry","category-cronica"],"_links":{"self":[{"href":"https:\/\/www.radiopresidenteibanez.cl\/web\/wp-json\/wp\/v2\/posts\/63102","targetHints":{"allow":["GET"]}}],"collection":[{"href":"https:\/\/www.radiopresidenteibanez.cl\/web\/wp-json\/wp\/v2\/posts"}],"about":[{"href":"https:\/\/www.radiopresidenteibanez.cl\/web\/wp-json\/wp\/v2\/types\/post"}],"author":[{"embeddable":true,"href":"https:\/\/www.radiopresidenteibanez.cl\/web\/wp-json\/wp\/v2\/users\/2"}],"replies":[{"embeddable":true,"href":"https:\/\/www.radiopresidenteibanez.cl\/web\/wp-json\/wp\/v2\/comments?post=63102"}],"version-history":[{"count":1,"href":"https:\/\/www.radiopresidenteibanez.cl\/web\/wp-json\/wp\/v2\/posts\/63102\/revisions"}],"predecessor-version":[{"id":63104,"href":"https:\/\/www.radiopresidenteibanez.cl\/web\/wp-json\/wp\/v2\/posts\/63102\/revisions\/63104"}],"wp:featuredmedia":[{"embeddable":true,"href":"https:\/\/www.radiopresidenteibanez.cl\/web\/wp-json\/wp\/v2\/media\/63103"}],"wp:attachment":[{"href":"https:\/\/www.radiopresidenteibanez.cl\/web\/wp-json\/wp\/v2\/media?parent=63102"}],"wp:term":[{"taxonomy":"category","embeddable":true,"href":"https:\/\/www.radiopresidenteibanez.cl\/web\/wp-json\/wp\/v2\/categories?post=63102"},{"taxonomy":"post_tag","embeddable":true,"href":"https:\/\/www.radiopresidenteibanez.cl\/web\/wp-json\/wp\/v2\/tags?post=63102"}],"curies":[{"name":"wp","href":"https:\/\/api.w.org\/{rel}","templated":true}]}}