{"id":63096,"date":"2026-03-12T13:07:00","date_gmt":"2026-03-12T16:07:00","guid":{"rendered":"https:\/\/www.radiopresidenteibanez.cl\/web\/?p=63096"},"modified":"2026-03-12T11:22:08","modified_gmt":"2026-03-12T14:22:08","slug":"insuco-celebra-este-ano-nueve-decadas-de-historia-y-comienza-homenajeando-a-mujeres-destacadas-en-su-historia","status":"publish","type":"post","link":"https:\/\/www.radiopresidenteibanez.cl\/web\/insuco-celebra-este-ano-nueve-decadas-de-historia-y-comienza-homenajeando-a-mujeres-destacadas-en-su-historia\/","title":{"rendered":"INSUCO celebra este a\u00f1o nueve d\u00e9cadas de historia y comienza homenajeando a mujeres destacadas en su historia"},"content":{"rendered":"\n<p>En una jornada cargada de simbolismo y memoria, el Instituto Superior de Comercio (INSUCO) conmemor\u00f3<br>el D\u00eda Internacional de la Mujer con un acto que no s\u00f3lo record\u00f3 la lucha hist\u00f3rica por la igualdad, sino que<br>rindi\u00f3 tributo a mujeres que han construido el prestigio de la instituci\u00f3n que este 2026 celebra 90 a\u00f1os.<br>La apertura del acto estuvo a cargo de la directora del establecimiento, Ivonne Hermosilla Bellenger, quien<br>destac\u00f3 la importancia de la mujer en el desarrollo del pa\u00eds a trav\u00e9s de la formaci\u00f3n escolar.<br>\u201cCreo profundamente en la capacidad que tenemos para reinventarnos y abrir nuevos caminos. Aunque<br>hist\u00f3ricamente las mujeres hemos sido relegadas a un segundo plano, hoy vivimos un tiempo en que<br>podemos brillar en cualquier \u00e1mbito que nos propongamos: en la ciencia, el arte, la pol\u00edtica o las<br>profesiones. El desaf\u00edo es no autolimitarnos, creer en nuestras capacidades y enfrentar los obst\u00e1culos con<br>valent\u00eda y dignidad\u201d, se\u00f1al\u00f3 durante la actividad, invitando especialmente a las estudiantes a ser mujeres<br>aut\u00e9nticas, reflexivas y valientes, capaces de construir su propio camino en el siglo XXI.<br>Uno de los momentos m\u00e1s sentidos en la ceremonia fue el discurso de Paola Fern\u00e1ndez G\u00e1lvez,<br>exestudiante, exgobernadora y actual jefa de Divisi\u00f3n en el Gobierno Regional de Magallanes. Ella subray\u00f3<br>c\u00f3mo el INSUCO fue el lugar donde comenzaron a forjarse sus sue\u00f1os y su vocaci\u00f3n por lo p\u00fablico.<br>\u201cConf\u00eden en su voz, en sus capacidades y en sus ideas. Participen, hagan preguntas, propongan cambios y,<br>sobre todo, caminemos juntas: las de antes, las de ahora y con las que vienen. Porque cuando las mujeres<br>avanzamos, la sociedad entera avanza con nosotras\u00bb, indic\u00f3. Tambi\u00e9n hizo un llamado a los j\u00f3venes a no ser<br>indiferentes, record\u00e1ndoles que las transformaciones sociales comienzan cuando alguien hace de una<br>realidad su propia causa.<br>La ceremonia tambi\u00e9n brind\u00f3 un espacio de honor a la destacada educadora Teresa Lizondo Loncomilla,<br>reconocida por su trayectoria como profesora normalista, contadora y exdirectora regional del Sernameg.<br>Lizondo fue mencionada como una figura clave en la formaci\u00f3n de l\u00edderes, incluyendo a la propia Paola<br>Fern\u00e1ndez, a quien inspir\u00f3 con su conciencia social.<br>Homenaje a la trayectoria comercialina<br>El acto incluy\u00f3 la entrega de distinciones a diversas mujeres de la comunidad, desde la docente con 44 a\u00f1os<br>de servicio, Patricia Medina Jaramillo, hasta Ana \u00c1lvarez \u00c1lvarez, auxiliar de aseo que ejemplifica la<br>superaci\u00f3n personal al haberse titulado en la jornada vespertina del mismo instituto en 2023.<br>La jornada cerr\u00f3 con la interpretaci\u00f3n del himno institucional, reafirmando el compromiso del INSUCO de<br>seguir siendo \u00abritmo de vida moderna\u00bb y un espacio de igualdad para las futuras generaciones.<\/p>\n\n\n\n<p>Lista de mujeres homenajeadas<\/p>\n\n\n\n<ol class=\"wp-block-list\">\n<li>Teresa Lizondo Loncomilla: educadora normalista y exprofesora del INSUCO; destacada por su liderazgo como exseremi de la Mujer y la Equidad de G\u00e9nero.<\/li>\n\n\n\n<li>Paola Fern\u00e1ndez G\u00e1lvez: exestudiante y exdirigente estudiantil; se desempe\u00f1\u00f3 como Gobernadora de Magallanes y actualmente lidera la Divisi\u00f3n de Desarrollo Social del GORE.<\/li>\n\n\n\n<li>Patricia Medina Jaramillo: profesora de ingl\u00e9s con 44 a\u00f1os de trayectoria ininterrumpida formando<br>generaciones de estudiantes en el instituto.<\/li>\n\n\n\n<li>Ana \u00c1lvarez \u00c1lvarez: conocida cari\u00f1osamente como la \u00abt\u00eda Anita\u00bb, auxiliar de aseo que en 2023 cumpli\u00f3<br>el sue\u00f1o de titularse de la especialidad de administraci\u00f3n en la jornada vespertina.<\/li>\n\n\n\n<li>Sonia Linco Lebtun: mujer mapuche y facilitadora intercultural; lawentuchefe que aporta desde 2016 al<br>programa de educaci\u00f3n biling\u00fce.<\/li>\n\n\n\n<li>Pamela Garc\u00eda Fern\u00e1ndez: exalumna y actual coordinadora del Programa de Integraci\u00f3n Escolar (PIE),<br>liderando la inclusi\u00f3n en el aula.<\/li>\n\n\n\n<li>Paola Arismendi Vidal: exalumna y actual presidenta del Centro de Padres y Apoderados, reconocida por<br>su esp\u00edritu creativo e innovador.<\/li>\n\n\n\n<li>Jessica Carrillo Aravena: exestudiante y actual docente de matem\u00e1tica, destacada por su compromiso<br>constante con el aprendizaje de sus alumnos.<\/li>\n\n\n\n<li>B\u00e1rbara C\u00e1rdenas Ruiz: exalumna y profesora de educaci\u00f3n f\u00edsica; t\u00e9cnica de handball que acompa\u00f1a<br>con dedicaci\u00f3n a sus cursos como profesora jefa.<\/li>\n\n\n\n<li>Katherine L\u00f3pez Alvarado: exestudiante y actual encargada de convivencia escolar, enfocada en el<br>bienestar emocional y el di\u00e1logo estudiantil.<\/li>\n\n\n\n<li>Ema Navarro Castillo: manipuladora de alimentos desde 2015 en el INSUCO, reconocida por el<br>profesionalismo y cari\u00f1o que entrega en su labor diaria.<\/li>\n<\/ol>\n","protected":false},"excerpt":{"rendered":"<p>En una jornada cargada de simbolismo y memoria, el Instituto Superior de Comercio (INSUCO) conmemor\u00f3el D\u00eda Internacional de la Mujer con un acto que no s\u00f3lo record\u00f3 la lucha hist\u00f3rica&#8230; <a class=\"read-more\" href=\"https:\/\/www.radiopresidenteibanez.cl\/web\/insuco-celebra-este-ano-nueve-decadas-de-historia-y-comienza-homenajeando-a-mujeres-destacadas-en-su-historia\/\">Leer m\u00e1s<\/a><\/p>\n","protected":false},"author":2,"featured_media":63097,"comment_status":"closed","ping_status":"closed","sticky":false,"template":"","format":"standard","meta":{"footnotes":""},"categories":[1],"tags":[],"class_list":["post-63096","post","type-post","status-publish","format-standard","has-post-thumbnail","hentry","category-cronica"],"_links":{"self":[{"href":"https:\/\/www.radiopresidenteibanez.cl\/web\/wp-json\/wp\/v2\/posts\/63096","targetHints":{"allow":["GET"]}}],"collection":[{"href":"https:\/\/www.radiopresidenteibanez.cl\/web\/wp-json\/wp\/v2\/posts"}],"about":[{"href":"https:\/\/www.radiopresidenteibanez.cl\/web\/wp-json\/wp\/v2\/types\/post"}],"author":[{"embeddable":true,"href":"https:\/\/www.radiopresidenteibanez.cl\/web\/wp-json\/wp\/v2\/users\/2"}],"replies":[{"embeddable":true,"href":"https:\/\/www.radiopresidenteibanez.cl\/web\/wp-json\/wp\/v2\/comments?post=63096"}],"version-history":[{"count":2,"href":"https:\/\/www.radiopresidenteibanez.cl\/web\/wp-json\/wp\/v2\/posts\/63096\/revisions"}],"predecessor-version":[{"id":63101,"href":"https:\/\/www.radiopresidenteibanez.cl\/web\/wp-json\/wp\/v2\/posts\/63096\/revisions\/63101"}],"wp:featuredmedia":[{"embeddable":true,"href":"https:\/\/www.radiopresidenteibanez.cl\/web\/wp-json\/wp\/v2\/media\/63097"}],"wp:attachment":[{"href":"https:\/\/www.radiopresidenteibanez.cl\/web\/wp-json\/wp\/v2\/media?parent=63096"}],"wp:term":[{"taxonomy":"category","embeddable":true,"href":"https:\/\/www.radiopresidenteibanez.cl\/web\/wp-json\/wp\/v2\/categories?post=63096"},{"taxonomy":"post_tag","embeddable":true,"href":"https:\/\/www.radiopresidenteibanez.cl\/web\/wp-json\/wp\/v2\/tags?post=63096"}],"curies":[{"name":"wp","href":"https:\/\/api.w.org\/{rel}","templated":true}]}}