{"id":63091,"date":"2026-03-12T11:39:00","date_gmt":"2026-03-12T14:39:00","guid":{"rendered":"https:\/\/www.radiopresidenteibanez.cl\/web\/?p=63091"},"modified":"2026-03-12T10:41:45","modified_gmt":"2026-03-12T13:41:45","slug":"municipio-realizara-penultimo-city-tour-de-la-temporada-este-viernes","status":"publish","type":"post","link":"https:\/\/www.radiopresidenteibanez.cl\/web\/municipio-realizara-penultimo-city-tour-de-la-temporada-este-viernes\/","title":{"rendered":"Municipio realizar\u00e1 pen\u00faltimo City Tour de la temporada este viernes"},"content":{"rendered":"\n<p>La&nbsp;Municipalidad de Punta Arenas&nbsp;realizar\u00e1 este viernes el pen\u00faltimo recorrido tur\u00edstico de la temporada, iniciativa gratuita que busca acercar a vecinos y visitantes a la historia y patrimonio de la capital regional.&nbsp;El City Tour se llevar\u00e1 a cabo este viernes 13 de marzo, a las 15:00 horas, y tendr\u00e1 como punto de partida el Centro de Informaci\u00f3n Tur\u00edstica ubicado en la&nbsp;Plaza de Armas Mu\u00f1oz Gamero, desde donde se iniciar\u00e1 el circuito denominado&nbsp;Huellas Ant\u00e1rticas, que aborda la relaci\u00f3n hist\u00f3rica de la ciudad con el continente blanco.<\/p>\n\n\n\n<p>El profesional de la Unidad de Turismo del municipio,&nbsp;Iv\u00e1n Torres, explic\u00f3 que esta actividad forma parte de un programa de recorridos que la administraci\u00f3n comunal realiza desde hace m\u00e1s de tres a\u00f1os.&nbsp;\u00abYa hemos realizado 12 recorridos tur\u00edsticos con la comunidad y con visitantes desde octubre del a\u00f1o pasado. Esta es una actividad que venimos desarrollando desde 2023 y este viernes corresponde a nuestro pen\u00faltimo recorrido de la temporada\u00bb, indic\u00f3.<\/p>\n\n\n\n<p>Torres detall\u00f3 que el circuito contempla diversas estaciones dentro de la ciudad vinculadas con la historia ant\u00e1rtica de Punta Arenas.&nbsp;\u00abEste viernes, a las 3 de la tarde, desde el kiosco de turismo de la Plaza de Armas iniciaremos el recorrido Huellas Ant\u00e1rticas, que comprende siete estaciones dentro de la ciudad, identificadas como puntos que tienen relaci\u00f3n con la Ant\u00e1rtica, tanto desde la \u00e9poca de los exploradores como con la actividad moderna vinculada a ese continente\u00bb, se\u00f1al\u00f3.<\/p>\n\n\n\n<p>De acuerdo con los registros municipales, m\u00e1s de 300 personas han participado en estos recorridos desde el inicio de la temporada.&nbsp;\u00abHemos tenido cerca de 320 personas que han disfrutado de estos recorridos desde octubre del a\u00f1o pasado. Muchos han sido habitantes de Punta Arenas, pero tambi\u00e9n visitantes de otras ciudades de Chile e incluso extranjeros, como mexicanos y peruanos\u00bb, agreg\u00f3 el funcionario municipal.&nbsp;<\/p>\n\n\n\n<p>Por su parte, la profesional de la Unidad de Turismo,&nbsp;Katterine Delgado, invit\u00f3 a la comunidad a participar en esta nueva jornada.&nbsp;\u00abInvitamos a la comunidad a este pen\u00faltimo recorrido de Huellas Ant\u00e1rticas, este viernes a las 3 de la tarde. No requiere inscripci\u00f3n previa, solo deben llegar al Centro de Informaci\u00f3n Tur\u00edstico. Est\u00e1n todos invitados, tanto vecinos de la comuna como visitantes\u00bb, se\u00f1al\u00f3.<\/p>\n\n\n\n<p>El recorrido considera distintos hitos hist\u00f3ricos del centro de la ciudad vinculados a la presencia ant\u00e1rtica.&nbsp;\u00abPartimos desde la Plaza de Armas, bajamos&nbsp;por calle&nbsp;Roca y llegamos al Monumento al Piloto Pardo, que es un hito hist\u00f3rico. Tambi\u00e9n pasamos por el centro del Instituto Ant\u00e1rtico Chileno (INACH), donde contamos sobre qu\u00e9 es la Ant\u00e1rtica, la expedici\u00f3n de Shackleton y c\u00f3mo todo eso ha impactado a Punta Arenas como puerta de entrada al continente\u00bb, explic\u00f3 Delgado.<\/p>\n\n\n\n<p>Desde el municipio destacaron que estos recorridos buscan fortalecer la identidad local y poner en valor el rol de Punta Arenas como uno de los principales accesos a la Ant\u00e1rtica.<\/p>\n","protected":false},"excerpt":{"rendered":"<p>La&nbsp;Municipalidad de Punta Arenas&nbsp;realizar\u00e1 este viernes el pen\u00faltimo recorrido tur\u00edstico de la temporada, iniciativa gratuita que busca acercar a vecinos y visitantes a la historia y patrimonio de la capital&#8230; <a class=\"read-more\" href=\"https:\/\/www.radiopresidenteibanez.cl\/web\/municipio-realizara-penultimo-city-tour-de-la-temporada-este-viernes\/\">Leer m\u00e1s<\/a><\/p>\n","protected":false},"author":2,"featured_media":63094,"comment_status":"closed","ping_status":"closed","sticky":false,"template":"","format":"standard","meta":{"footnotes":""},"categories":[1],"tags":[],"class_list":["post-63091","post","type-post","status-publish","format-standard","has-post-thumbnail","hentry","category-cronica"],"_links":{"self":[{"href":"https:\/\/www.radiopresidenteibanez.cl\/web\/wp-json\/wp\/v2\/posts\/63091","targetHints":{"allow":["GET"]}}],"collection":[{"href":"https:\/\/www.radiopresidenteibanez.cl\/web\/wp-json\/wp\/v2\/posts"}],"about":[{"href":"https:\/\/www.radiopresidenteibanez.cl\/web\/wp-json\/wp\/v2\/types\/post"}],"author":[{"embeddable":true,"href":"https:\/\/www.radiopresidenteibanez.cl\/web\/wp-json\/wp\/v2\/users\/2"}],"replies":[{"embeddable":true,"href":"https:\/\/www.radiopresidenteibanez.cl\/web\/wp-json\/wp\/v2\/comments?post=63091"}],"version-history":[{"count":1,"href":"https:\/\/www.radiopresidenteibanez.cl\/web\/wp-json\/wp\/v2\/posts\/63091\/revisions"}],"predecessor-version":[{"id":63095,"href":"https:\/\/www.radiopresidenteibanez.cl\/web\/wp-json\/wp\/v2\/posts\/63091\/revisions\/63095"}],"wp:featuredmedia":[{"embeddable":true,"href":"https:\/\/www.radiopresidenteibanez.cl\/web\/wp-json\/wp\/v2\/media\/63094"}],"wp:attachment":[{"href":"https:\/\/www.radiopresidenteibanez.cl\/web\/wp-json\/wp\/v2\/media?parent=63091"}],"wp:term":[{"taxonomy":"category","embeddable":true,"href":"https:\/\/www.radiopresidenteibanez.cl\/web\/wp-json\/wp\/v2\/categories?post=63091"},{"taxonomy":"post_tag","embeddable":true,"href":"https:\/\/www.radiopresidenteibanez.cl\/web\/wp-json\/wp\/v2\/tags?post=63091"}],"curies":[{"name":"wp","href":"https:\/\/api.w.org\/{rel}","templated":true}]}}