{"id":63087,"date":"2026-03-12T08:58:00","date_gmt":"2026-03-12T11:58:00","guid":{"rendered":"https:\/\/www.radiopresidenteibanez.cl\/web\/?p=63087"},"modified":"2026-03-12T08:41:37","modified_gmt":"2026-03-12T11:41:37","slug":"boletin-informativo-orbe-124","status":"publish","type":"post","link":"https:\/\/www.radiopresidenteibanez.cl\/web\/boletin-informativo-orbe-124\/","title":{"rendered":"Boletin Informativo ORBE"},"content":{"rendered":"\n<p>SANTIAGO.- En su primer discurso como Presidente de la<br>Rep\u00fablica desde uno de los balcones de La Moneda, Jos\u00e9<br>Antonio Kast afirm\u00f3 que su Administraci\u00f3n recibi\u00f3 \u00abel pa\u00eds en<br>peores condiciones\u00bb de lo que esperaban, y reafirm\u00f3 que Chile<br>\u00abnecesita un Gobierno de emergencia\u00bb. Y luego agreg\u00f3 que,<br>\u00abdecir que recibimos el pa\u00eds en malas condiciones no es<br>excusa. Lo decimos porque Chile merece conocer la verdad\u00bb,<br>puntualiz\u00f3.<\/p>\n\n\n\n<p>SANTIAGO.- Para luego el Mandatario a\u00f1adir que, \u00abporque<br>cuando se oculta el diagn\u00f3stico, los tratamientos fracasan. Y<br>porque la ciudadan\u00eda tiene todo el derecho a saber qu\u00e9 se<br>hizo y qu\u00e9 se dej\u00f3 sin hacer\u00bb, sostuvo . Y en el contexto<br>afirm\u00f3 que, \u00abpara enfrentar esas emergencias -en seguridad,<br>en salud, en educaci\u00f3n, en empleo y tantas otras- Chile<br>necesita un gobierno de emergencia\u00bb.<\/p>\n\n\n\n<p>SANTIAGO.- \u00abY eso es lo que vamos a tener, dijo. Un gobierno<br>de emergencia no es un eslogan; es orden donde hay caos; es<br>alivio donde hay dolor; es mano firme donde hay impunidad. Y<br>es esperanza real, concreta y posible para quienes han sido<br>ignorados por mucho tiempo\u00bb, indic\u00f3. A rengl\u00f3n seguido, Kast<br>afirm\u00f3 que el pa\u00eds \u00abtiene adversarios reales\u00bb, quienes \u00abse<br>han tomado nuestros barrios, han corrompido a nuestros<br>j\u00f3venes y han sembrado el terror en las poblaciones\u00bb, en<br>referencia a la delincuencia.<\/p>\n\n\n\n<p>SANTIAGO.- En ese punt\u00f3, recalc\u00f3 que, \u00abTambi\u00e9n son<br>adversarios de Chile quienes han ingresado vulnerando<br>nuestras fronteras para delinquir, explotar a otros o<br>convertir nuestro suelo en tierra de nadie\u00bb, a\u00f1adi\u00f3.<br>\u00abA los adversarios de Chile les digo que no vamos a negociar.<br>Los vamos a perseguir, los vamos a encontrar, los vamos a<br>juzgar y los vamos a condenar\u00bb.<\/p>\n\n\n\n<p>SANTIAGO.- El Mandatario tambi\u00e9n arremeti\u00f3 contra la<br>corrupci\u00f3n como la \u00abherida abierta\u00bb del pa\u00eds y asegur\u00f3 que su<br>Administraci\u00f3n ser\u00e1 \u00abimplacable con quienes roben el dinero<br>de los chilenos, abusen del poder y usen el Estado para<br>enriquecerse, sin importar el apellido, el partido o el<br>sector pol\u00edtico\u00bb. \u00abNuestro compromiso, al asumir el gobierno<br>de Chile, es que el Presidente, los ministros, y cada uno de<br>los funcionarios, nos ocupemos de servir a los chilenos. No<br>se viene a robar, no se viene a estafar, no se viene a sacar<br>la vuelta\u00bb, a\u00f1adi\u00f3.<\/p>\n\n\n\n<p>SANTIAGO.- En otra parte de su extensa intervenci\u00f3n, Kast<br>recalc\u00f3 que, \u00abVamos a recuperar nuestro pa\u00eds. Vamos a<br>recuperar nuestras calles. Vamos a recuperar nuestras<br>instituciones. Vamos a recuperar la esperanza. Porque los<br>chilenos no queremos seguir administrando la mediocridad.<br>Queremos construir grandeza. Con la ayuda de todos, Chile se<br>levanta. Se levanta con trabajo. Se levanta con orden. Se<br>levanta con car\u00e1cter. Se levanta con esperanza\u00bb, expres\u00f3.<\/p>\n\n\n\n<p>SANTIAGO.- En paralelo al primer discurso del Presidente Jos\u00e9<br>Antonio Kast, se report\u00f3 un ataque contra el veh\u00edculo del<br>nuevo subsecretario de Relaciones Exteriores, Patricio<br>Torres, la noche del mi\u00e9rcoles.<br>Seg\u00fan antecedentes preliminares, mientras la autoridad<br>circulaba por el sector de Plaza Baquedano junto a su<br>familia, uno de los ventanales del auto recibi\u00f3 un piedrazo y<br>qued\u00f3 destruido.<\/p>\n\n\n\n<p>SANTIAGO.-Tras el impacto, que no afect\u00f3 a ninguno de los<br>ocupantes del m\u00f3vil, Torres abandon\u00f3 r\u00e1pidamente el lugar,<br>que fue escenario de diversas manifestaciones y disturbios.<br>De hecho, se presume que los enfrentamientos motivaron a<br>instalar una baliza en el veh\u00edculo afectado, lo que<br>supuestamente permiti\u00f3 identificar que pertenece a una<br>autoridad.<\/p>\n","protected":false},"excerpt":{"rendered":"<p>SANTIAGO.- En su primer discurso como Presidente de laRep\u00fablica desde uno de los balcones de La Moneda, Jos\u00e9Antonio Kast afirm\u00f3 que su Administraci\u00f3n recibi\u00f3 \u00abel pa\u00eds enpeores condiciones\u00bb de lo&#8230; <a class=\"read-more\" href=\"https:\/\/www.radiopresidenteibanez.cl\/web\/boletin-informativo-orbe-124\/\">Leer m\u00e1s<\/a><\/p>\n","protected":false},"author":2,"featured_media":63049,"comment_status":"closed","ping_status":"closed","sticky":false,"template":"","format":"standard","meta":{"footnotes":""},"categories":[1],"tags":[],"class_list":["post-63087","post","type-post","status-publish","format-standard","has-post-thumbnail","hentry","category-cronica"],"_links":{"self":[{"href":"https:\/\/www.radiopresidenteibanez.cl\/web\/wp-json\/wp\/v2\/posts\/63087","targetHints":{"allow":["GET"]}}],"collection":[{"href":"https:\/\/www.radiopresidenteibanez.cl\/web\/wp-json\/wp\/v2\/posts"}],"about":[{"href":"https:\/\/www.radiopresidenteibanez.cl\/web\/wp-json\/wp\/v2\/types\/post"}],"author":[{"embeddable":true,"href":"https:\/\/www.radiopresidenteibanez.cl\/web\/wp-json\/wp\/v2\/users\/2"}],"replies":[{"embeddable":true,"href":"https:\/\/www.radiopresidenteibanez.cl\/web\/wp-json\/wp\/v2\/comments?post=63087"}],"version-history":[{"count":1,"href":"https:\/\/www.radiopresidenteibanez.cl\/web\/wp-json\/wp\/v2\/posts\/63087\/revisions"}],"predecessor-version":[{"id":63088,"href":"https:\/\/www.radiopresidenteibanez.cl\/web\/wp-json\/wp\/v2\/posts\/63087\/revisions\/63088"}],"wp:featuredmedia":[{"embeddable":true,"href":"https:\/\/www.radiopresidenteibanez.cl\/web\/wp-json\/wp\/v2\/media\/63049"}],"wp:attachment":[{"href":"https:\/\/www.radiopresidenteibanez.cl\/web\/wp-json\/wp\/v2\/media?parent=63087"}],"wp:term":[{"taxonomy":"category","embeddable":true,"href":"https:\/\/www.radiopresidenteibanez.cl\/web\/wp-json\/wp\/v2\/categories?post=63087"},{"taxonomy":"post_tag","embeddable":true,"href":"https:\/\/www.radiopresidenteibanez.cl\/web\/wp-json\/wp\/v2\/tags?post=63087"}],"curies":[{"name":"wp","href":"https:\/\/api.w.org\/{rel}","templated":true}]}}