{"id":63082,"date":"2026-03-12T10:31:00","date_gmt":"2026-03-12T13:31:00","guid":{"rendered":"https:\/\/www.radiopresidenteibanez.cl\/web\/?p=63082"},"modified":"2026-03-12T08:31:53","modified_gmt":"2026-03-12T11:31:53","slug":"expo-delirium-del-hospital-clinico-magallanes-reune-ala-comunidad-en-jornada-de-concientizacion","status":"publish","type":"post","link":"https:\/\/www.radiopresidenteibanez.cl\/web\/expo-delirium-del-hospital-clinico-magallanes-reune-ala-comunidad-en-jornada-de-concientizacion\/","title":{"rendered":"Expo Delirium del Hospital Cl\u00ednico Magallanes re\u00fane ala comunidad en jornada de concientizaci\u00f3n"},"content":{"rendered":"\n<p>Con una activa participaci\u00f3n de la comunidad hospitalaria y visitantes externos, el Hospital<br>Cl\u00ednico Magallanes realiz\u00f3 con \u00e9xito una nueva versi\u00f3n de la Expo Delirium, actividad<br>organizada por la Unidad de Geriatr\u00eda del Centro de Responsabilidad de Medicina<br>F\u00edsica y Rehabilitaci\u00f3n, en el marco del D\u00eda Mundial de Concientizaci\u00f3n sobre el<br>Delirium.<br>La jornada, desarrollada en el Auditorio Dr. Carlos Banse, reuni\u00f3 a m\u00e1s de un centenar<br>de asistentes, quienes pudieron recorrer distintos stands educativos e interactivos,<br>incluyendo experiencias de realidad virtual, espacios de canoterapia y actividades<br>orientadas a la prevenci\u00f3n, detecci\u00f3n y manejo de este s\u00edndrome cl\u00ednico.<br>La Dra. Paola Balc\u00e1zar Vald\u00e9s, m\u00e9dico geriatra del Hospital Cl\u00ednico Magallanes,<br>explic\u00f3 que esta iniciativa busca visibilizar una condici\u00f3n frecuente en pacientes<br>hospitalizados.<br>\u201cHoy, 11 de marzo, conmemoramos el D\u00eda Mundial de la Concientizaci\u00f3n del Delirium.<br>Este d\u00eda nace de la iniciativa de sociedades internacionales que trabajan en la prevenci\u00f3n y<br>detecci\u00f3n precoz de este cuadro. Desde la Unidad de Geriatr\u00eda estamos conmemorando esta<br>fecha en el Hospital Cl\u00ednico de Magallanes desde el a\u00f1o 2024 y, durante los \u00faltimos dos<br>a\u00f1os, lo hemos hecho a trav\u00e9s de la realizaci\u00f3n de la Expo Delirium\u201d, se\u00f1al\u00f3.<br>La especialista agreg\u00f3 que esta instancia tiene como objetivo educar tanto a la<br>comunidad como a los equipos de salud sobre una condici\u00f3n que afecta principalmente a<br>personas mayores, pero que puede presentarse en distintas edades.<br>\u201cEl delirium se presenta generalmente en personas que ingresan a hospitalizaci\u00f3n, muchas<br>veces secundario a una enfermedad aguda o una infecci\u00f3n que requiere manejo<br>hospitalario. Esto puede provocar confusi\u00f3n o un cambio en el estado de conciencia de la<br>persona, que previamente estaba funcionando normalmente. Puede estar desorientada, no<br>reconocer el d\u00eda o incluso a familiares, pero es un cuadro agudo y reversible\u201d, explic\u00f3.<br>Asimismo, destac\u00f3 que la prevenci\u00f3n y el manejo temprano son claves, se\u00f1alando que el<br>abordaje principal es de car\u00e1cter no farmacol\u00f3gico.<br>\u201cLo m\u00e1s importante es que es prevenible y, cuando ya est\u00e1 instalado, se puede manejar. El<br>principal manejo es no farmacol\u00f3gico y tiene que ver con el ambiente: que el paciente est\u00e9<br>acompa\u00f1ado por su familiar o cuidador durante la hospitalizaci\u00f3n, el uso de lentes o<br>aud\u00edfonos si los necesita, y mantenerlo conectado con su entorno. Esta expo permite educar<br>a la poblaci\u00f3n y tambi\u00e9n a los profesionales sobre c\u00f3mo prevenirlo y abordarlo\u201d, indic\u00f3.<\/p>\n\n\n\n<p>Desde la mirada de la rehabilitaci\u00f3n cognitiva, el terapeuta ocupacional de la Unidad de<br>la Memoria del Hospital Cl\u00ednico Magallanes, Miguel Llancalahu\u00e9n, explic\u00f3 una de las<br>diferencias m\u00e1s importantes entre el delirium y otras condiciones neurocognitivas.<br>\u201cUna de las principales diferencias entre personas con delirium y aquellas con demencia o<br>trastorno neurocognitivo mayor es el perfil de instalaci\u00f3n. En el caso del delirium, el inicio<br>es s\u00fabito y con una atenci\u00f3n fluctuante. En cambio, en personas que cursan un trastorno<br>neurocognitivo mayor, esto ocurre de manera lenta y progresiva en el tiempo, acompa\u00f1ado<br>de una alteraci\u00f3n significativa en la funcionalidad\u201d, explic\u00f3.<br>La Expo Delirium, que este a\u00f1o celebr\u00f3 su segunda versi\u00f3n en el Hospital Cl\u00ednico<br>Magallanes, forma parte de las estrategias del establecimiento para fortalecer la<br>educaci\u00f3n en salud, la prevenci\u00f3n de complicaciones durante la hospitalizaci\u00f3n y la<br>seguridad del paciente, especialmente en personas mayores.<\/p>\n","protected":false},"excerpt":{"rendered":"<p>Con una activa participaci\u00f3n de la comunidad hospitalaria y visitantes externos, el HospitalCl\u00ednico Magallanes realiz\u00f3 con \u00e9xito una nueva versi\u00f3n de la Expo Delirium, actividadorganizada por la Unidad de Geriatr\u00eda&#8230; <a class=\"read-more\" href=\"https:\/\/www.radiopresidenteibanez.cl\/web\/expo-delirium-del-hospital-clinico-magallanes-reune-ala-comunidad-en-jornada-de-concientizacion\/\">Leer m\u00e1s<\/a><\/p>\n","protected":false},"author":2,"featured_media":63085,"comment_status":"closed","ping_status":"closed","sticky":false,"template":"","format":"standard","meta":{"footnotes":""},"categories":[1],"tags":[],"class_list":["post-63082","post","type-post","status-publish","format-standard","has-post-thumbnail","hentry","category-cronica"],"_links":{"self":[{"href":"https:\/\/www.radiopresidenteibanez.cl\/web\/wp-json\/wp\/v2\/posts\/63082","targetHints":{"allow":["GET"]}}],"collection":[{"href":"https:\/\/www.radiopresidenteibanez.cl\/web\/wp-json\/wp\/v2\/posts"}],"about":[{"href":"https:\/\/www.radiopresidenteibanez.cl\/web\/wp-json\/wp\/v2\/types\/post"}],"author":[{"embeddable":true,"href":"https:\/\/www.radiopresidenteibanez.cl\/web\/wp-json\/wp\/v2\/users\/2"}],"replies":[{"embeddable":true,"href":"https:\/\/www.radiopresidenteibanez.cl\/web\/wp-json\/wp\/v2\/comments?post=63082"}],"version-history":[{"count":1,"href":"https:\/\/www.radiopresidenteibanez.cl\/web\/wp-json\/wp\/v2\/posts\/63082\/revisions"}],"predecessor-version":[{"id":63086,"href":"https:\/\/www.radiopresidenteibanez.cl\/web\/wp-json\/wp\/v2\/posts\/63082\/revisions\/63086"}],"wp:featuredmedia":[{"embeddable":true,"href":"https:\/\/www.radiopresidenteibanez.cl\/web\/wp-json\/wp\/v2\/media\/63085"}],"wp:attachment":[{"href":"https:\/\/www.radiopresidenteibanez.cl\/web\/wp-json\/wp\/v2\/media?parent=63082"}],"wp:term":[{"taxonomy":"category","embeddable":true,"href":"https:\/\/www.radiopresidenteibanez.cl\/web\/wp-json\/wp\/v2\/categories?post=63082"},{"taxonomy":"post_tag","embeddable":true,"href":"https:\/\/www.radiopresidenteibanez.cl\/web\/wp-json\/wp\/v2\/tags?post=63082"}],"curies":[{"name":"wp","href":"https:\/\/api.w.org\/{rel}","templated":true}]}}