{"id":63079,"date":"2026-03-12T08:17:37","date_gmt":"2026-03-12T11:17:37","guid":{"rendered":"https:\/\/www.radiopresidenteibanez.cl\/web\/?p=63079"},"modified":"2026-03-12T08:17:39","modified_gmt":"2026-03-12T11:17:39","slug":"delegacion-presidencial-regional-concreta-traspaso-de-mando-en-ceremonia-oficial","status":"publish","type":"post","link":"https:\/\/www.radiopresidenteibanez.cl\/web\/delegacion-presidencial-regional-concreta-traspaso-de-mando-en-ceremonia-oficial\/","title":{"rendered":"Delegaci\u00f3n Presidencial Regional concreta traspaso de mando en ceremonia oficial"},"content":{"rendered":"\n<p>Durante la ma\u00f1ana de este mi\u00e9rcoles se llev\u00f3 a cabo la<br>ceremonia oficial de firma del traspaso de mando en la Delegaci\u00f3n Presidencial Regional, instancia<br>en la que el Delegado Presidencial Regional saliente, Jos\u00e9 Ruiz Pivcevic, formaliz\u00f3 la entrega del<br>cargo a la Delegada Presidencial Regional entrante, Ericka Far\u00edas Guerra.<br>La actividad se desarroll\u00f3 en un marco de sobriedad y formalidad institucional, y cont\u00f3 con la<br>presencia de altos mandos de las Fuerzas Armadas y de Orden, integrantes del equipo de la<br>autoridad saliente, jefaturas de \u00e1rea de la Delegaci\u00f3n Presidencial Regional, adem\u00e1s de familiares<br>de la nueva autoridad.<br>Mediante la firma de ambas autoridades se materializ\u00f3 el traspaso administrativo y protocolar de<br>funciones, dando inicio oficialmente a la gesti\u00f3n de la Delegada Presidencial Regional Ericka Far\u00edas<br>Guerra al frente de la Delegaci\u00f3n Presidencial.<br>Durante la tarde, la nueva autoridad sostuvo adem\u00e1s un encuentro con representantes de los<br>medios de comunicaci\u00f3n regionales, instancia de di\u00e1logo en la que se abordaron los principales<br>lineamientos del Gobierno, los desaf\u00edos iniciales de su gesti\u00f3n y las primeras acciones de trabajo<br>proyectadas para la regi\u00f3n.<br>En el punto de prensa realizado con posterioridad al encuentro, la Delegada Presidencial Regional<br>respondi\u00f3 consultas expresando su satisfacci\u00f3n por asumir el cargo y el compromiso con la regi\u00f3n.<br>\u201cEstoy muy feliz con este compromiso que me ha designado el Presidente Jos\u00e9 Antonio Kast.<br>Tengo un compromiso profundo con mi regi\u00f3n y voy a poner todo mi esfuerzo y mis<br>conocimientos en pos de la ciudadan\u00eda y de lo que las personas esperan\u201d, se\u00f1al\u00f3.<br>Asimismo, destac\u00f3 que su gesti\u00f3n buscar\u00e1 mantener un trabajo cercano con las comunidades y los<br>distintos actores del territorio. \u201cVamos a tener un trabajo continuo con la comunidad, un trabajo<br>con las personas\u201d, afirm\u00f3.<br>Respecto del proceso de instalaci\u00f3n del nuevo gobierno en la regi\u00f3n, la autoridad explic\u00f3 que<br>actualmente se est\u00e1 realizando un levantamiento de informaci\u00f3n sobre el estado de los servicios y<br>programas. \u201cYa estamos tomando un diagn\u00f3stico acabado, que lo estamos haciendo en conjunto<\/p>\n\n\n\n<p>con los ministros desde hace varios d\u00edas, para conocer en detalle la situaci\u00f3n en que recibimos el<br>Estado en la regi\u00f3n\u201d, indic\u00f3.<br>En relaci\u00f3n con el nombramiento de las y los Secretarios Regionales Ministeriales, la Delegada<br>precis\u00f3 que el proceso se encuentra en etapa de an\u00e1lisis. \u201cEl delegado presidencial env\u00eda ternas a<br>los ministros y ellos tambi\u00e9n tienen decisi\u00f3n en esto. Los nombres se est\u00e1n evaluando y lo<br>importante es que sean las personas m\u00e1s id\u00f3neas para asumir esas responsabilidades\u201d, explic\u00f3.<br>Consultada por las prioridades del Gobierno, Far\u00edas indic\u00f3 que estas estar\u00e1n alineadas con los ejes<br>definidos a nivel nacional. \u201cTenemos temas importantes en materia de seguridad, de migraciones<br>y tambi\u00e9n de crecimiento econ\u00f3mico. Esos van a ser los principales lineamientos del gobierno\u201d,<br>sostuvo.<br>En materia migratoria, la autoridad se\u00f1al\u00f3 que se reforzar\u00e1n las medidas de control fronterizo,<br>considerando las caracter\u00edsticas geogr\u00e1ficas de la regi\u00f3n. \u201cSomos la regi\u00f3n m\u00e1s grande de Chile y<br>vamos a fortalecer la fiscalizaci\u00f3n en nuestras fronteras, incorporando tambi\u00e9n tecnolog\u00eda y<br>coordin\u00e1ndonos con las Fuerzas Armadas y de Orden y Seguridad P\u00fablica\u201d, afirm\u00f3.<br>Finalmente, la Delegada Presidencial Regional reiter\u00f3 su disposici\u00f3n a mantener un di\u00e1logo abierto<br>con la comunidad y los medios de comunicaci\u00f3n durante el desarrollo de su gesti\u00f3n.<\/p>\n","protected":false},"excerpt":{"rendered":"<p>Durante la ma\u00f1ana de este mi\u00e9rcoles se llev\u00f3 a cabo laceremonia oficial de firma del traspaso de mando en la Delegaci\u00f3n Presidencial Regional, instanciaen la que el Delegado Presidencial Regional&#8230; <a class=\"read-more\" href=\"https:\/\/www.radiopresidenteibanez.cl\/web\/delegacion-presidencial-regional-concreta-traspaso-de-mando-en-ceremonia-oficial\/\">Leer m\u00e1s<\/a><\/p>\n","protected":false},"author":2,"featured_media":63080,"comment_status":"closed","ping_status":"closed","sticky":false,"template":"","format":"standard","meta":{"footnotes":""},"categories":[1],"tags":[],"class_list":["post-63079","post","type-post","status-publish","format-standard","has-post-thumbnail","hentry","category-cronica"],"_links":{"self":[{"href":"https:\/\/www.radiopresidenteibanez.cl\/web\/wp-json\/wp\/v2\/posts\/63079","targetHints":{"allow":["GET"]}}],"collection":[{"href":"https:\/\/www.radiopresidenteibanez.cl\/web\/wp-json\/wp\/v2\/posts"}],"about":[{"href":"https:\/\/www.radiopresidenteibanez.cl\/web\/wp-json\/wp\/v2\/types\/post"}],"author":[{"embeddable":true,"href":"https:\/\/www.radiopresidenteibanez.cl\/web\/wp-json\/wp\/v2\/users\/2"}],"replies":[{"embeddable":true,"href":"https:\/\/www.radiopresidenteibanez.cl\/web\/wp-json\/wp\/v2\/comments?post=63079"}],"version-history":[{"count":1,"href":"https:\/\/www.radiopresidenteibanez.cl\/web\/wp-json\/wp\/v2\/posts\/63079\/revisions"}],"predecessor-version":[{"id":63081,"href":"https:\/\/www.radiopresidenteibanez.cl\/web\/wp-json\/wp\/v2\/posts\/63079\/revisions\/63081"}],"wp:featuredmedia":[{"embeddable":true,"href":"https:\/\/www.radiopresidenteibanez.cl\/web\/wp-json\/wp\/v2\/media\/63080"}],"wp:attachment":[{"href":"https:\/\/www.radiopresidenteibanez.cl\/web\/wp-json\/wp\/v2\/media?parent=63079"}],"wp:term":[{"taxonomy":"category","embeddable":true,"href":"https:\/\/www.radiopresidenteibanez.cl\/web\/wp-json\/wp\/v2\/categories?post=63079"},{"taxonomy":"post_tag","embeddable":true,"href":"https:\/\/www.radiopresidenteibanez.cl\/web\/wp-json\/wp\/v2\/tags?post=63079"}],"curies":[{"name":"wp","href":"https:\/\/api.w.org\/{rel}","templated":true}]}}