{"id":63074,"date":"2026-03-11T16:53:00","date_gmt":"2026-03-11T19:53:00","guid":{"rendered":"https:\/\/www.radiopresidenteibanez.cl\/web\/?p=63074"},"modified":"2026-03-11T15:05:54","modified_gmt":"2026-03-11T18:05:54","slug":"exitoso-balance-de-biblioverano-2026-en-biblioteca-publica-n47-del-serpat","status":"publish","type":"post","link":"https:\/\/www.radiopresidenteibanez.cl\/web\/exitoso-balance-de-biblioverano-2026-en-biblioteca-publica-n47-del-serpat\/","title":{"rendered":"Exitoso balance de Biblioverano 2026 en Biblioteca P\u00fablica\u00a0N\u00b047 del Serpat"},"content":{"rendered":"\n<p>Durante todos los viernes y s\u00e1bados de febrero,&nbsp;la Biblioteca P\u00fablica&nbsp;N\u00b047 del Serpat fue sitio de encuentro para los cuentacuentos \u00abCuentos en Kamishibai\u00bb e &nbsp;\u00abIniciaci\u00f3n de los Deportes Mentales\u00bb. Precisamente esta \u00faltima actividad de&nbsp;exploraci\u00f3n l\u00fadica, a cargo de Sebasti\u00e1n Montiel, tendr\u00e1 pr\u00f3ximamente una reuni\u00f3n final -en formato torneo- abierto a quienes est\u00e9n interesados en participar.<\/p>\n\n\n\n<p>Sebasti\u00e1n Montiel comenta que \u00abhace a\u00f1os hice talleres en este espacio, ocupando el Auditorio, as\u00ed es que volver fue bonito, porque es un buen punto de encuentro para quienes viven en el sector y se realiza una difusi\u00f3n bastante efectiva\u00bb. Evalu\u00f3 la experiencia como positiva, pues aunque siempre cuenta con un p\u00fablico fiel, tambi\u00e9n se acercaron personas nuevas a conocer estas disciplinas: \u00abla idea es que participen personas de todas las edades, as\u00ed es que invitamos a todos los interesados en conocer m\u00e1s sobre deportes mentales a venir a participar el s\u00e1bado 14 de marzo, o bien a observar para aprender a jugar\u00bb. Agreg\u00f3 que durante el mes de febrero, se abordaron seis de los diez juegos contemplados en un inicio: Gomoku, K\u014dnane, Awale, Backgamonn, Minishogi y Go. El encuentro de cierre de este ciclo de verano ser\u00e1 en la fecha se\u00f1alada, de&nbsp;10:00 a 14:00 horas,&nbsp;gratuito y abierto a p\u00fablico de todas las edades.<\/p>\n\n\n\n<p>Tambi\u00e9n realiz\u00f3 un balance positivo de las actividades de Biblioverano la encargada de la Biblioteca P\u00fablica&nbsp;N\u00b047 del Serpat, Fernanda Poblete, \u00abambas actividades tuvieron una excelente acogida de p\u00fablico, convocando en conjunto a alrededor de un centenar de personas\u00bb. Adelant\u00f3 que el Club de Lectura \u00abPoderosas y Grandiosas\u00bb que se realizar\u00e1 a partir de este mes enmarcado en la conmemoraci\u00f3n del D\u00eda Internacional de la Mujer tambi\u00e9n ha despertado gran inter\u00e9s. Agreg\u00f3 que \u00abel objetivo de contar con un calendario permanente de actividades tiene como objetivo fomentar que la comunidad nos visite y conozca la colecci\u00f3n de t\u00edtulos disponibles en diversos formatos con la cual contamos\u00bb. La Biblioteca P\u00fablica&nbsp;N\u00b047 del Serpat, ubicada en&nbsp;Hornillas #42, Punta Arenas, permanece abierta de lunes a viernes entre&nbsp;10:00 y 19:00 horas,&nbsp;y s\u00e1bado de 10:00 a 14:00 horas.<\/p>\n","protected":false},"excerpt":{"rendered":"<p>Durante todos los viernes y s\u00e1bados de febrero,&nbsp;la Biblioteca P\u00fablica&nbsp;N\u00b047 del Serpat fue sitio de encuentro para los cuentacuentos \u00abCuentos en Kamishibai\u00bb e &nbsp;\u00abIniciaci\u00f3n de los Deportes Mentales\u00bb. Precisamente esta&#8230; <a class=\"read-more\" href=\"https:\/\/www.radiopresidenteibanez.cl\/web\/exitoso-balance-de-biblioverano-2026-en-biblioteca-publica-n47-del-serpat\/\">Leer m\u00e1s<\/a><\/p>\n","protected":false},"author":2,"featured_media":63075,"comment_status":"closed","ping_status":"closed","sticky":false,"template":"","format":"standard","meta":{"footnotes":""},"categories":[1],"tags":[],"class_list":["post-63074","post","type-post","status-publish","format-standard","has-post-thumbnail","hentry","category-cronica"],"_links":{"self":[{"href":"https:\/\/www.radiopresidenteibanez.cl\/web\/wp-json\/wp\/v2\/posts\/63074","targetHints":{"allow":["GET"]}}],"collection":[{"href":"https:\/\/www.radiopresidenteibanez.cl\/web\/wp-json\/wp\/v2\/posts"}],"about":[{"href":"https:\/\/www.radiopresidenteibanez.cl\/web\/wp-json\/wp\/v2\/types\/post"}],"author":[{"embeddable":true,"href":"https:\/\/www.radiopresidenteibanez.cl\/web\/wp-json\/wp\/v2\/users\/2"}],"replies":[{"embeddable":true,"href":"https:\/\/www.radiopresidenteibanez.cl\/web\/wp-json\/wp\/v2\/comments?post=63074"}],"version-history":[{"count":1,"href":"https:\/\/www.radiopresidenteibanez.cl\/web\/wp-json\/wp\/v2\/posts\/63074\/revisions"}],"predecessor-version":[{"id":63076,"href":"https:\/\/www.radiopresidenteibanez.cl\/web\/wp-json\/wp\/v2\/posts\/63074\/revisions\/63076"}],"wp:featuredmedia":[{"embeddable":true,"href":"https:\/\/www.radiopresidenteibanez.cl\/web\/wp-json\/wp\/v2\/media\/63075"}],"wp:attachment":[{"href":"https:\/\/www.radiopresidenteibanez.cl\/web\/wp-json\/wp\/v2\/media?parent=63074"}],"wp:term":[{"taxonomy":"category","embeddable":true,"href":"https:\/\/www.radiopresidenteibanez.cl\/web\/wp-json\/wp\/v2\/categories?post=63074"},{"taxonomy":"post_tag","embeddable":true,"href":"https:\/\/www.radiopresidenteibanez.cl\/web\/wp-json\/wp\/v2\/tags?post=63074"}],"curies":[{"name":"wp","href":"https:\/\/api.w.org\/{rel}","templated":true}]}}