{"id":63071,"date":"2026-03-11T15:23:00","date_gmt":"2026-03-11T18:23:00","guid":{"rendered":"https:\/\/www.radiopresidenteibanez.cl\/web\/?p=63071"},"modified":"2026-03-11T15:02:02","modified_gmt":"2026-03-11T18:02:02","slug":"declaracion-de-delegacion-presidencial-provincial-de-la-antartica-chilena-ante-suspension-en-servicio-de-transporte-maritimo-subsidiado-para-zonas-aisladas","status":"publish","type":"post","link":"https:\/\/www.radiopresidenteibanez.cl\/web\/declaracion-de-delegacion-presidencial-provincial-de-la-antartica-chilena-ante-suspension-en-servicio-de-transporte-maritimo-subsidiado-para-zonas-aisladas\/","title":{"rendered":"Declaraci\u00f3n de Delegaci\u00f3n Presidencial Provincial de la Ant\u00e1rtica Chilena ante suspensi\u00f3n en servicio de transporte mar\u00edtimo subsidiado para zonas aisladas\u00a0"},"content":{"rendered":"\n<p>En relaci\u00f3n a la suspensi\u00f3n del servicio de transporte mar\u00edtimo subsidiado para las zonas aisladas de Puerto Toro, Estancia Kansaka y Bah\u00eda Douglas, la Delegaci\u00f3n Presidencial Provincial de la Ant\u00e1rtica Chilena informa que desde ocurrido este hecho, el 24 de febrero pasado, ha realizado permanentes acciones con los diversos organismos p\u00fablicos, privados y comunidad pertinente, con el fin de entregar soluciones oportunas a la poblaci\u00f3n beneficiaria.&nbsp;<\/p>\n\n\n\n<p>Desde un primer momento tras el hundimiento que afect\u00f3 a la embarcaci\u00f3n \u201cLoica\u201d en la Caleta de Pescadores de Puerto Williams, esta Delegaci\u00f3n Provincial ha mantenido un continuo seguimiento a la situaci\u00f3n, procurando que no haya habido personas accidentadas y que el operador pudiera reflotar su embarcaci\u00f3n. Posteriormente, se contact\u00f3 a todas las personas afectadas por el subsidio interrumpido, a quienes se les consult\u00f3 por las necesidades m\u00e1s imperantes y programadas de las familias.&nbsp;<\/p>\n\n\n\n<p>En este contexto, la delegada presidencial provincial de la Ant\u00e1rtica Chilena, Constanza Calisto Gallardo, se coordin\u00f3 con los servicios p\u00fablicos m\u00e1s sensibles y requeridos por la poblaci\u00f3n de Puerto Toro, con el prop\u00f3sito de realizar un despliegue de \u201cGobierno en Terreno\u201d, el cual se desarroll\u00f3 el 2 de marzo pasado gracias a la disposici\u00f3n de medios navales de la Armada de Chile. En esta actividad, que incluy\u00f3 el env\u00edo de productos esenciales a habitantes que previamente solicitaron lo requerido, se realiz\u00f3 una ronda m\u00e9dica por parte del Hospital Comunitario Cristina Calder\u00f3n \u2013incluyendo vacunaciones contra la influenza-, adem\u00e1s de la presencia urgente de personal de Slep Magallanes y Municipalidad de Cabo de Hornos, con el objetivo de trabajar en la reparaci\u00f3n de equipos electr\u00f3genos e infraestructura de la Escuela P\u00fablica G-44. A ellos, se sum\u00f3 personal de Seremi de Salud, BancoEstado y Registro Civil e Identificaci\u00f3n, quienes efectuaron las atenciones respectivas.&nbsp;<\/p>\n\n\n\n<p>Cabe mencionar que previo a este despliegue, en ning\u00fan momento alg\u00fan funcionario o funcionaria de Slep Magallanes plante\u00f3 a esta Delegaci\u00f3n la necesidad o dificultad de obtener los libros escolares. Incluso, la delegada Calisto se comunic\u00f3 con la Junta Nacional de Auxilio Escolar y Becas (Junaeb) para obtener los kits de \u00fatiles escolares, pero, lamentablemente, estos llegaron a Punta Arenas el mismo d\u00eda del despliegue, siendo imposible su traslado para esa fecha.&nbsp;<\/p>\n\n\n\n<p>Siempre priorizando en encontrar soluciones ante esta contingencia, personal de la Delegaci\u00f3n Provincial ha estado en continua comunicaci\u00f3n con las y los habitantes de las zonas aisladas y servicios que pudieran colaborar. Es por ello que, coincidiendo con las labores de reaprovisionamiento que efectuar\u00e1n medios de la Armada de Chile en la zona, ma\u00f1ana mi\u00e9rcoles 11 de marzo se enviar\u00e1n enseres que fueron requeridos previamente por la comunidad de Puerto Toro.&nbsp;<\/p>\n\n\n\n<p>Por \u00faltimo, debemos recordar que este subsidio es financiado por el Ministerio de Transportes y Telecomunicaciones. Mientras las causas del hundimiento de la embarcaci\u00f3n est\u00e1n bajo investigaci\u00f3n de la autoridad mar\u00edtima, la Divisi\u00f3n de Transporte P\u00fablico Regional se encuentra realizando gestiones para retomar la conectividad en el corto plazo. La Delegaci\u00f3n Presidencial Provincial de la Ant\u00e1rtica Chilena estar\u00e1 siempre disponible en caso de cualquier requerimiento o apoyo que la comunidad necesite.<\/p>\n","protected":false},"excerpt":{"rendered":"<p>En relaci\u00f3n a la suspensi\u00f3n del servicio de transporte mar\u00edtimo subsidiado para las zonas aisladas de Puerto Toro, Estancia Kansaka y Bah\u00eda Douglas, la Delegaci\u00f3n Presidencial Provincial de la Ant\u00e1rtica&#8230; <a class=\"read-more\" href=\"https:\/\/www.radiopresidenteibanez.cl\/web\/declaracion-de-delegacion-presidencial-provincial-de-la-antartica-chilena-ante-suspension-en-servicio-de-transporte-maritimo-subsidiado-para-zonas-aisladas\/\">Leer m\u00e1s<\/a><\/p>\n","protected":false},"author":2,"featured_media":63072,"comment_status":"closed","ping_status":"closed","sticky":false,"template":"","format":"standard","meta":{"footnotes":""},"categories":[1],"tags":[],"class_list":["post-63071","post","type-post","status-publish","format-standard","has-post-thumbnail","hentry","category-cronica"],"_links":{"self":[{"href":"https:\/\/www.radiopresidenteibanez.cl\/web\/wp-json\/wp\/v2\/posts\/63071","targetHints":{"allow":["GET"]}}],"collection":[{"href":"https:\/\/www.radiopresidenteibanez.cl\/web\/wp-json\/wp\/v2\/posts"}],"about":[{"href":"https:\/\/www.radiopresidenteibanez.cl\/web\/wp-json\/wp\/v2\/types\/post"}],"author":[{"embeddable":true,"href":"https:\/\/www.radiopresidenteibanez.cl\/web\/wp-json\/wp\/v2\/users\/2"}],"replies":[{"embeddable":true,"href":"https:\/\/www.radiopresidenteibanez.cl\/web\/wp-json\/wp\/v2\/comments?post=63071"}],"version-history":[{"count":1,"href":"https:\/\/www.radiopresidenteibanez.cl\/web\/wp-json\/wp\/v2\/posts\/63071\/revisions"}],"predecessor-version":[{"id":63073,"href":"https:\/\/www.radiopresidenteibanez.cl\/web\/wp-json\/wp\/v2\/posts\/63071\/revisions\/63073"}],"wp:featuredmedia":[{"embeddable":true,"href":"https:\/\/www.radiopresidenteibanez.cl\/web\/wp-json\/wp\/v2\/media\/63072"}],"wp:attachment":[{"href":"https:\/\/www.radiopresidenteibanez.cl\/web\/wp-json\/wp\/v2\/media?parent=63071"}],"wp:term":[{"taxonomy":"category","embeddable":true,"href":"https:\/\/www.radiopresidenteibanez.cl\/web\/wp-json\/wp\/v2\/categories?post=63071"},{"taxonomy":"post_tag","embeddable":true,"href":"https:\/\/www.radiopresidenteibanez.cl\/web\/wp-json\/wp\/v2\/tags?post=63071"}],"curies":[{"name":"wp","href":"https:\/\/api.w.org\/{rel}","templated":true}]}}