{"id":6307,"date":"2019-08-12T12:33:52","date_gmt":"2019-08-12T12:33:52","guid":{"rendered":"http:\/\/www.radiopresidenteibanez.cl\/web\/?p=6307"},"modified":"2019-08-12T12:34:05","modified_gmt":"2019-08-12T12:34:05","slug":"descubridores-por-pablo-cruz","status":"publish","type":"post","link":"https:\/\/www.radiopresidenteibanez.cl\/web\/descubridores-por-pablo-cruz\/","title":{"rendered":"DESCUBRIDORES por PABLO CRUZ"},"content":{"rendered":"\n<p>La semana pasada lleg\u00f3 a Punta Arenas el primer avi\u00f3n de Latam pintado con un mensaje que dec\u00eda \u201cEstrecho de Magallanes, 500 a\u00f1os, Punta Arenas-Chile, 1520-2020\u201d.<\/p>\n\n\n\n<p>Parece ser el primer acto p\u00fablico de alcance nacional que conmemora los cinco siglos de la llegada de Hernando de Magallanes a este extremo de Chile y que, en general se recuerda como el descubrimiento del Estrecho.<\/p>\n\n\n\n<p>La verdad es que m\u00e1s que un descubrimiento, fue un hallazgo de los espa\u00f1oles que buscaban un paso para llegar al Asia, a la isla de las especias por el oeste, ya que el Tratado de Tordesillas le reservaba la navegaci\u00f3n del Atl\u00e1ntico sur a los portugueses.<\/p>\n\n\n\n<p>Si de descubrimientos se trata, Magallanes tambi\u00e9n descubri\u00f3 Chile, antes que Almagro, aunque Chile no exist\u00eda como tal.<\/p>\n\n\n\n<p>Seg\u00fan la Real Academia de la Lengua Espa\u00f1ola, descubrir significa \u201cHallar lo que estaba ignorado o escondido, principalmente tierras o mares desconocidos\u201d. El estrecho estaba ignorado o escondido para los espa\u00f1oles, pero no para los habitantes de este extremo del pa\u00eds, por lo que m\u00e1s que un descubrimiento fue un hallazgo.<\/p>\n\n\n\n<p>Para nosotros, los chilenos, lo importante de la llegada de Magallanes fue que la corona espa\u00f1ola anexara este territorio a los l\u00edmites de lo que ser\u00eda m\u00e1s tarde la Capitan\u00eda de Chile y que decretara una Gobernaci\u00f3n que extend\u00eda los l\u00edmites del pa\u00eds desde el Estrecho hacia el sur de \u00e9ste.<\/p>\n\n\n\n<p>Importante tambi\u00e9n fue, para el mundo, &nbsp;que el viaje de Magallanes significara la primera circunnavegaci\u00f3n del planeta.<\/p>\n\n\n\n<p>M\u00e9rito, por lo tanto, hay suficientes para celebrar los 500 a\u00f1os de la llegada de Magallanes. A este estrecho que ya navegaban los aonikenk, los kaw\u00e9skar y los selknam.<\/p>\n\n\n\n<p>Pero esta fecha no solo es importante para los magall\u00e1nicos sino tambi\u00e9n para todo Chile, por lo que es destacable este primer gesto de Latam, por iniciativa de la Municipalidad de Punta Arenas.<\/p>\n\n\n\n<p>Alguna vez se dijo que hab\u00eda tambi\u00e9n una comisi\u00f3n del gobierno regional encargada de organizar la celebraci\u00f3n de los 500 a\u00f1os, pero de esta comisi\u00f3n nunca m\u00e1s se supo.<\/p>\n\n\n\n<p>Si es que existe todav\u00eda, escondida en alguna oficina de la Intendencia, habr\u00eda que decirle que la municipalidad de Punta Arenas les est\u00e1 ganando la mano.<\/p>\n","protected":false},"excerpt":{"rendered":"<p>La semana pasada lleg\u00f3 a Punta Arenas el primer avi\u00f3n de Latam pintado con un mensaje que dec\u00eda \u201cEstrecho de Magallanes, 500 a\u00f1os, Punta Arenas-Chile, 1520-2020\u201d. Parece ser el primer&#8230; <a class=\"read-more\" href=\"https:\/\/www.radiopresidenteibanez.cl\/web\/descubridores-por-pablo-cruz\/\">Leer m\u00e1s<\/a><\/p>\n","protected":false},"author":2,"featured_media":6141,"comment_status":"closed","ping_status":"closed","sticky":false,"template":"","format":"standard","meta":{"footnotes":""},"categories":[1],"tags":[],"class_list":["post-6307","post","type-post","status-publish","format-standard","has-post-thumbnail","hentry","category-cronica"],"_links":{"self":[{"href":"https:\/\/www.radiopresidenteibanez.cl\/web\/wp-json\/wp\/v2\/posts\/6307","targetHints":{"allow":["GET"]}}],"collection":[{"href":"https:\/\/www.radiopresidenteibanez.cl\/web\/wp-json\/wp\/v2\/posts"}],"about":[{"href":"https:\/\/www.radiopresidenteibanez.cl\/web\/wp-json\/wp\/v2\/types\/post"}],"author":[{"embeddable":true,"href":"https:\/\/www.radiopresidenteibanez.cl\/web\/wp-json\/wp\/v2\/users\/2"}],"replies":[{"embeddable":true,"href":"https:\/\/www.radiopresidenteibanez.cl\/web\/wp-json\/wp\/v2\/comments?post=6307"}],"version-history":[{"count":0,"href":"https:\/\/www.radiopresidenteibanez.cl\/web\/wp-json\/wp\/v2\/posts\/6307\/revisions"}],"wp:featuredmedia":[{"embeddable":true,"href":"https:\/\/www.radiopresidenteibanez.cl\/web\/wp-json\/wp\/v2\/media\/6141"}],"wp:attachment":[{"href":"https:\/\/www.radiopresidenteibanez.cl\/web\/wp-json\/wp\/v2\/media?parent=6307"}],"wp:term":[{"taxonomy":"category","embeddable":true,"href":"https:\/\/www.radiopresidenteibanez.cl\/web\/wp-json\/wp\/v2\/categories?post=6307"},{"taxonomy":"post_tag","embeddable":true,"href":"https:\/\/www.radiopresidenteibanez.cl\/web\/wp-json\/wp\/v2\/tags?post=6307"}],"curies":[{"name":"wp","href":"https:\/\/api.w.org\/{rel}","templated":true}]}}