{"id":63062,"date":"2026-03-11T13:39:00","date_gmt":"2026-03-11T16:39:00","guid":{"rendered":"https:\/\/www.radiopresidenteibanez.cl\/web\/?p=63062"},"modified":"2026-03-11T11:05:56","modified_gmt":"2026-03-11T14:05:56","slug":"estudiantes-chilenos-conquistan-la-antartica-un-viaje-de-ciencia-y-aventura","status":"publish","type":"post","link":"https:\/\/www.radiopresidenteibanez.cl\/web\/estudiantes-chilenos-conquistan-la-antartica-un-viaje-de-ciencia-y-aventura\/","title":{"rendered":"Estudiantes chilenos conquistan la Ant\u00e1rtica: un viaje de ciencia y aventura"},"content":{"rendered":"\n<p>Seis j\u00f3venes estudiantes y tres profesores de Talca, Los Andes y Concepci\u00f3n vivieron una aventura inolvidable tras permanecer una semana en el Continente Blanco. Los destacados alumnos y alumnas, ganadores de la Feria Ant\u00e1rtica Escolar 2025, viajaron hasta el coraz\u00f3n de la ciencia polar para conocer de cerca la vida de investigadoras e investigadores, log\u00edsticas y log\u00edsticos en el extremo sur del planeta.<\/p>\n\n\n\n<p>La expedici\u00f3n, organizada por el Instituto Ant\u00e1rtico Chileno (INACH), tuvo como centro de operaciones la base \u201cProfesor Julio Escudero\u201d. Desde all\u00ed, el grupo tuvo la oportunidad \u00fanica de visitar otras bases como \u201cArtigas\u201d de Uruguay y \u201cKing Sejong\u201d de Corea del Sur, experimentando en primera persona la importancia de la colaboraci\u00f3n cient\u00edfica que define la vida en la Ant\u00e1rtica.<\/p>\n\n\n\n<p>Adem\u00e1s, los estudiantes pudieron maravillarse con la fauna local, avistando ping\u00fcinos, focas y diversas formas de vida vegetal. Asimismo, pudieron conocer sectores como las cercan\u00edas del glaciar Collins y una colonia de ping\u00fcinos ubicada en la isla Ardley. Tambi\u00e9n las y los j\u00f3venes compartieron con la investigadora chilena Jenny Blamey, biotecn\u00f3loga de la Universidad de Santiago de Chile, quien es experta en organismos extrem\u00f3filos y que en un trabajo conjunto con la NASA enviar\u00e1 microorganismos al espacio en un innovador proyecto cient\u00edfico.<\/p>\n\n\n\n<p>\u201cLa experiencia result\u00f3 ser muy bac\u00e1n, recorrimos bases, adem\u00e1s del glaciar Collins e isla Ardley para ver a la fauna general y a los ping\u00fcinos del lugar\u201d, coment\u00f3 Bruno Peralta, del Liceo Comercial de Los Andes.<\/p>\n\n\n\n<p>Asimismo, Javiera D\u00edaz, del Liceo Bicentenario de Cultura y Difusi\u00f3n Art\u00edstica de Talca, agreg\u00f3 que \u201cha sido una experiencia maravillosa que voy a recordar por el resto de mi vida. He visto cosas que nunca hab\u00eda visto, paisajes, fauna y conoc\u00ed bases. Ojal\u00e1 alg\u00fan d\u00eda, no s\u00e9 c\u00f3mo, pero voy a tratar de volver\u201d. El mismo sentimiento tiene Rodrigo Y\u00e1\u00f1ez, del Colegio Almondale de Concepci\u00f3n.<\/p>\n\n\n\n<p>\u201cLa verdad, la he pasado s\u00faper bien en Ant\u00e1rtica, fue una experiencia inolvidable y me ha cambiado la vida. Me gustar\u00eda en alg\u00fan momento regresar, en el peor de los casos como un ping\u00fcino, pero me encantar\u00eda regresar\u201d, a\u00f1ade Tom\u00e1s Bravo, del Liceo Bicentenario de Cultura y Difusi\u00f3n Art\u00edstica de Talca.<\/p>\n\n\n\n<p>\u201cLo he pasado s\u00faper bien en este viaje con mi grupo de estudiantes y se ha transformado en una gran oportunidad de aprendizaje. Hemos podido conocer flora y fauna local, junto a sus relieves. Ha sido una experiencia inolvidable y estoy muy contento de tener la posibilidad de conocer este territorio que pocas personas pueden hacerlo\u201d, dice el docente Gonzalo Concha.<\/p>\n\n\n\n<p>Nicol\u00e1s Zelaya, profesor del Liceo Comercial de Los Andes, se\u00f1ala que \u201chemos podido disfrutar del continente ant\u00e1rtico, navegar por la isla Rey Jorge y disfrutar de los glaciares. En s\u00edntesis, ha sido una experiencia sumamente enriquecedora para nosotros\u201d.<\/p>\n\n\n\n<p>\u201cTodo lo que vivimos aqu\u00ed, el trabajo de los cient\u00edficos, c\u00f3mo funciona la base y el hermoso paisaje que nos rodea es simplemente sublime. Para m\u00ed, ha sido un regalo, ya que fue un sue\u00f1o de muchos a\u00f1os. Ahora estoy jubilado, pero a\u00fan no me han llamado a retiro y pensaba \u2018ojal\u00e1 no lo hagan pronto para poder hacer este viaje\u2019\u201d, agrega el profesor Alejandro Alarc\u00f3n.<\/p>\n\n\n\n<p>\u201cEste viaje de una semana no solo premi\u00f3 el esfuerzo de las y los ganadores de la pasada Feria Ant\u00e1rtica Escolar, sino que tambi\u00e9n sembr\u00f3 una semilla de inter\u00e9s por la ciencia y la conservaci\u00f3n en la pr\u00f3xima generaci\u00f3n de investigadores chilenos. Durante este viaje los alumnos y profesores lograron visualizar la ciencia ant\u00e1rtica de primera l\u00ednea que efect\u00faa nuestro pa\u00eds, pero tambi\u00e9n fueron testigos de la gran cooperaci\u00f3n internacional en este continente\u201d, resalta Constanza Jim\u00e9nez, encargada de Educaci\u00f3n del INACH y que fue parte de esta Expedici\u00f3n Ant\u00e1rtica Escolar.<\/p>\n","protected":false},"excerpt":{"rendered":"<p>Seis j\u00f3venes estudiantes y tres profesores de Talca, Los Andes y Concepci\u00f3n vivieron una aventura inolvidable tras permanecer una semana en el Continente Blanco. Los destacados alumnos y alumnas, ganadores&#8230; <a class=\"read-more\" href=\"https:\/\/www.radiopresidenteibanez.cl\/web\/estudiantes-chilenos-conquistan-la-antartica-un-viaje-de-ciencia-y-aventura\/\">Leer m\u00e1s<\/a><\/p>\n","protected":false},"author":2,"featured_media":63063,"comment_status":"closed","ping_status":"closed","sticky":false,"template":"","format":"standard","meta":{"footnotes":""},"categories":[1],"tags":[],"class_list":["post-63062","post","type-post","status-publish","format-standard","has-post-thumbnail","hentry","category-cronica"],"_links":{"self":[{"href":"https:\/\/www.radiopresidenteibanez.cl\/web\/wp-json\/wp\/v2\/posts\/63062","targetHints":{"allow":["GET"]}}],"collection":[{"href":"https:\/\/www.radiopresidenteibanez.cl\/web\/wp-json\/wp\/v2\/posts"}],"about":[{"href":"https:\/\/www.radiopresidenteibanez.cl\/web\/wp-json\/wp\/v2\/types\/post"}],"author":[{"embeddable":true,"href":"https:\/\/www.radiopresidenteibanez.cl\/web\/wp-json\/wp\/v2\/users\/2"}],"replies":[{"embeddable":true,"href":"https:\/\/www.radiopresidenteibanez.cl\/web\/wp-json\/wp\/v2\/comments?post=63062"}],"version-history":[{"count":1,"href":"https:\/\/www.radiopresidenteibanez.cl\/web\/wp-json\/wp\/v2\/posts\/63062\/revisions"}],"predecessor-version":[{"id":63064,"href":"https:\/\/www.radiopresidenteibanez.cl\/web\/wp-json\/wp\/v2\/posts\/63062\/revisions\/63064"}],"wp:featuredmedia":[{"embeddable":true,"href":"https:\/\/www.radiopresidenteibanez.cl\/web\/wp-json\/wp\/v2\/media\/63063"}],"wp:attachment":[{"href":"https:\/\/www.radiopresidenteibanez.cl\/web\/wp-json\/wp\/v2\/media?parent=63062"}],"wp:term":[{"taxonomy":"category","embeddable":true,"href":"https:\/\/www.radiopresidenteibanez.cl\/web\/wp-json\/wp\/v2\/categories?post=63062"},{"taxonomy":"post_tag","embeddable":true,"href":"https:\/\/www.radiopresidenteibanez.cl\/web\/wp-json\/wp\/v2\/tags?post=63062"}],"curies":[{"name":"wp","href":"https:\/\/api.w.org\/{rel}","templated":true}]}}