{"id":63059,"date":"2026-03-11T12:04:00","date_gmt":"2026-03-11T15:04:00","guid":{"rendered":"https:\/\/www.radiopresidenteibanez.cl\/web\/?p=63059"},"modified":"2026-03-11T11:01:46","modified_gmt":"2026-03-11T14:01:46","slug":"inedito-encuentro-reune-a-estudiantes-secundarias-con-mujeres-destacadas-de-puerto-williams","status":"publish","type":"post","link":"https:\/\/www.radiopresidenteibanez.cl\/web\/inedito-encuentro-reune-a-estudiantes-secundarias-con-mujeres-destacadas-de-puerto-williams\/","title":{"rendered":"In\u00e9dito encuentro re\u00fane a estudiantes secundarias con mujeres destacadas de Puerto Williams\u00a0"},"content":{"rendered":"\n<p>Con un in\u00e9dito encuentro que reuni\u00f3 a destacadas mujeres de Puerto Williams y a alumnas de tercero y cuarto medio del Liceo Donald Mc Intyre Griffiths, la Delegaci\u00f3n Presidencial Provincial de la Ant\u00e1rtica Chilena conmemor\u00f3 el D\u00eda Internacional de la Mujer en la ciudad de Isla Navarino.&nbsp;<\/p>\n\n\n\n<p>Esta actividad, llevada a cabo en el anfiteatro del establecimiento educacional, se realiz\u00f3 en formato coffee meeting, donde m\u00e1s de 20 adolescentes tuvieron oportunidad de charlar con cada una de las 12 representantes en \u00e1mbitos como salud, educaci\u00f3n, emprendimiento, ciencia, medio ambiente, servicios p\u00fablicos, dirigencia vecinal y Fuerzas Armadas.&nbsp;<\/p>\n\n\n\n<p>La delegada presidencial provincial de la Ant\u00e1rtica Chilena, Constanza Calisto Gallardo, agradeci\u00f3 a todas las participantes y al equipo de la Delegaci\u00f3n que colabor\u00f3. \u201cEn estas conversaciones con estudiantes, las mujeres pudieron entregar orientaci\u00f3n, todo el camino que se ha desarrollado para estar en la provincia como mujer, como madre, como trabajadora, como cuidadora y compartir finalmente estas experiencias que las fortalezcan y gu\u00eden en su camino\u201d, sostuvo la m\u00e1xima autoridad provincial.&nbsp;<\/p>\n\n\n\n<p>En una de las \u00faltimas actividades lideradas por la delegada Calisto previo a finalizar su gesti\u00f3n en el Gobierno del Presidente Gabriel Boric Font, igualmente se mencionaron distintos avances de la actual administraci\u00f3n en materia de equidad de g\u00e9nero y pol\u00edticas p\u00fablicas que respondieron a necesidades de las mujeres, como la Ley Integral contra la Violencia hacia las Mujeres, Ley Papito Coraz\u00f3n, Ley Antonia, Ley Karin, Ley Chile Cuida, Ley 40 Horas, Ley de Conciliaci\u00f3n, Reforma de Pensiones, entre otras.&nbsp;<\/p>\n\n\n\n<p><strong>Participantes valoran actividad&nbsp;<\/strong><\/p>\n\n\n\n<p>Las estudiantes de cuarto medio, Estefan\u00eda Cid y Maite Paredes, quienes han sido tesorera y secretaria del Centro de Estudiantes, respectivamente, calificaron positivamente esta actividad. \u201cA m\u00ed me pareci\u00f3 s\u00faper buena porque es una instancia donde recordamos todo lo que han hecho las mujeres para lograr lo que hoy en d\u00eda es muy bueno para todas\u201d, dijo Paredes.&nbsp;<\/p>\n\n\n\n<p>Por su parte, Cid manifest\u00f3 que \u201cme gust\u00f3 sobre todo conocer las experiencias de cada una de las personas con las que hablamos. Me gust\u00f3 mucho esta instancia, porque fue diferente a las dem\u00e1s que hemos tenido y espero que se vuelva a repetir\u201d.&nbsp;<\/p>\n\n\n\n<p>Asimismo, la profesora jefa de cuarto medio, Jossienne Mondaca, mencion\u00f3 que \u201cme parece una iniciativa estupenda. Conectar a las chicas con su empoderamiento, con su autonom\u00eda como mujer desde la primera infancia y de la adolescencia, es tremendamente importante. Sobre todo cuando tienen ejemplos propios de la isla. Tener ejemplos cercanos que ellas conocen, creo que las empodera a\u00fan m\u00e1s y las hace pensar y convencerse de que tienen todo el poder para lograr todo lo que ellas quieran\u201d. &nbsp;<\/p>\n\n\n\n<p>Respecto a lo que significa el D\u00eda Internacional de la Mujer para cada una de las estudiantes, Paredes se\u00f1al\u00f3 que esta efem\u00e9ride sirve para honrar a quienes \u201chan luchado para lograr todo lo que han hecho, porque las trataban tan mal antes y ahora verlas luchar para conseguir esa igualdad es muy apreciable\u201d.&nbsp;<\/p>\n\n\n\n<p>En tanto, Cid coment\u00f3 que \u201cpara m\u00ed este espacio para conmemorar a las mujeres me ayuda mucho a poder recordar los momentos tan horribles que han pasado las mujeres y c\u00f3mo como sociedad hemos mejorado\u201d.<\/p>\n","protected":false},"excerpt":{"rendered":"<p>Con un in\u00e9dito encuentro que reuni\u00f3 a destacadas mujeres de Puerto Williams y a alumnas de tercero y cuarto medio del Liceo Donald Mc Intyre Griffiths, la Delegaci\u00f3n Presidencial Provincial&#8230; <a class=\"read-more\" href=\"https:\/\/www.radiopresidenteibanez.cl\/web\/inedito-encuentro-reune-a-estudiantes-secundarias-con-mujeres-destacadas-de-puerto-williams\/\">Leer m\u00e1s<\/a><\/p>\n","protected":false},"author":2,"featured_media":63060,"comment_status":"closed","ping_status":"closed","sticky":false,"template":"","format":"standard","meta":{"footnotes":""},"categories":[1],"tags":[],"class_list":["post-63059","post","type-post","status-publish","format-standard","has-post-thumbnail","hentry","category-cronica"],"_links":{"self":[{"href":"https:\/\/www.radiopresidenteibanez.cl\/web\/wp-json\/wp\/v2\/posts\/63059","targetHints":{"allow":["GET"]}}],"collection":[{"href":"https:\/\/www.radiopresidenteibanez.cl\/web\/wp-json\/wp\/v2\/posts"}],"about":[{"href":"https:\/\/www.radiopresidenteibanez.cl\/web\/wp-json\/wp\/v2\/types\/post"}],"author":[{"embeddable":true,"href":"https:\/\/www.radiopresidenteibanez.cl\/web\/wp-json\/wp\/v2\/users\/2"}],"replies":[{"embeddable":true,"href":"https:\/\/www.radiopresidenteibanez.cl\/web\/wp-json\/wp\/v2\/comments?post=63059"}],"version-history":[{"count":1,"href":"https:\/\/www.radiopresidenteibanez.cl\/web\/wp-json\/wp\/v2\/posts\/63059\/revisions"}],"predecessor-version":[{"id":63061,"href":"https:\/\/www.radiopresidenteibanez.cl\/web\/wp-json\/wp\/v2\/posts\/63059\/revisions\/63061"}],"wp:featuredmedia":[{"embeddable":true,"href":"https:\/\/www.radiopresidenteibanez.cl\/web\/wp-json\/wp\/v2\/media\/63060"}],"wp:attachment":[{"href":"https:\/\/www.radiopresidenteibanez.cl\/web\/wp-json\/wp\/v2\/media?parent=63059"}],"wp:term":[{"taxonomy":"category","embeddable":true,"href":"https:\/\/www.radiopresidenteibanez.cl\/web\/wp-json\/wp\/v2\/categories?post=63059"},{"taxonomy":"post_tag","embeddable":true,"href":"https:\/\/www.radiopresidenteibanez.cl\/web\/wp-json\/wp\/v2\/tags?post=63059"}],"curies":[{"name":"wp","href":"https:\/\/api.w.org\/{rel}","templated":true}]}}