{"id":63051,"date":"2026-03-11T09:48:52","date_gmt":"2026-03-11T12:48:52","guid":{"rendered":"https:\/\/www.radiopresidenteibanez.cl\/web\/?p=63051"},"modified":"2026-03-11T09:48:53","modified_gmt":"2026-03-11T12:48:53","slug":"ya-existe-terreno-para-la-nueva-escuela-en-la-poblacion-nelda-panicucci","status":"publish","type":"post","link":"https:\/\/www.radiopresidenteibanez.cl\/web\/ya-existe-terreno-para-la-nueva-escuela-en-la-poblacion-nelda-panicucci\/","title":{"rendered":"Ya existe terreno para la nueva escuela en la Poblaci\u00f3n Nelda Panicucci\u00a0"},"content":{"rendered":"\n<p>En una significativa ceremonia, realizada en la Junta de Vecinos \u201cNelda Panicucci\u201d, que marca un hito para el Plan de Desarrollo de Zonas Extremas, se llev\u00f3 a cabo la firma y entrega oficial del comodato del terreno donde se emplazar\u00e1 un nuevo establecimiento educacional, ubicado en avenida Jorge Alessandri entre calles Neftal\u00ed Carabantes y Manuel Men\u00e9ndez, singularizado como Lote A5 del plano SM 5.460, con una superficie de 4.011, 28 metros cuadrados.<\/p>\n\n\n\n<p>El acto cont\u00f3 con la presencia del delegado presidencial, Jos\u00e9 Ruiz Pivcevic; el seremi de Educaci\u00f3n, Valent\u00edn Aguilera G\u00f3mez; la jefa del Departamento Provincial de Educaci\u00f3n, Carolina \u00c1lvarez Anton\u00edn, la subdirectora de Infraestructura y Mantenimiento Escolar del Servicio Local de Educaci\u00f3n P\u00fablica Magallanes, Alejandra Olivares Salazar y la presidenta de la Junta de Vecinos \u201cNelda Panicucci\u201d, Marta Tri\u00f1anes C\u00f3rdova, junto a otros integrantes de la directiva.<\/p>\n\n\n\n<p>Inicialmente, el Serviu cedi\u00f3 los terrenos al Mineduc en el territorio, en tanto que hoy la Secretar\u00eda Regional Ministerial de Educaci\u00f3n los traspas\u00f3 al Slep Magallanes. Este acto administrativo es el primer hito concreto para dotar a dicha poblaci\u00f3n de un espacio educativo moderno que beneficiar\u00e1 directamente el crecimiento de ni\u00f1os, ni\u00f1as y j\u00f3venes.<\/p>\n\n\n\n<p>Sobre la importancia de este hito para el desarrollo regional, el delegado presidencial, Jos\u00e9 Ruiz Pivcevic, se\u00f1al\u00f3: \u201cSi estamos construyendo casas, se tiene que responder con una l\u00f3gica de mayor presencia de servicios p\u00fablicos. A eso apunta el Plan de Ciudades Justas y tambi\u00e9n responde a un anhelo que tiene la Poblaci\u00f3n Nelda Panicucci, de contar con un establecimiento educacional m\u00e1s cercano a prop\u00f3sito tambi\u00e9n del crecimiento de la ciudad en este sector. As\u00ed es que estamos avanzando, estas son pol\u00edticas de Estado que le corresponder\u00e1 a los siguientes gobiernos seguir empujando, pero sin lugar a dudas es una muy buena noticia para la regi\u00f3n\u201d.<\/p>\n\n\n\n<p>Por su parte, el seremi de Educaci\u00f3n, Valent\u00edn Aguilera G\u00f3mez, destac\u00f3 que \u201cdesde la junta de vecinos de la poblaci\u00f3n Nelda Panicucci, lugar donde el Presidente Gabriel Boric firm\u00f3 la nueva pol\u00edtica de Zonas Extremas, efectuamos este sencillo pero simb\u00f3lico hito de cesi\u00f3n de los terrenos del Plan Urbano Habitacional para la construcci\u00f3n de un nuevo establecimiento educacional al servicio de los vecinos y vecinas del sector sur poniente de la ciudad de Punta Arenas. Ha sido una necesidad sentida de la comunidad y en este aspecto estamos muy contentos de cerrar este periodo de gesti\u00f3n con un hito relevante y simb\u00f3lico enmarcado en la cartera del sector educaci\u00f3n del PDZE, que tiene 7 proyectos por m\u00e1s de 78 mil millones de pesos que cubren los requerimientos m\u00e1s importantes en las cuatro provincias de nuestra regi\u00f3n\u201d.<\/p>\n\n\n\n<p>Alejandra Olivares Salazar, subdirectora de Infraestructura y Mantenimiento Escolar del Servicio Local de Educaci\u00f3n P\u00fablica Magallanes asegur\u00f3: \u201cEstamos en proceso de an\u00e1lisis del trabajo de dise\u00f1o, cosa de ir viendo, en conjunto con la secretar\u00eda, el desarrollo de este este proyecto que no es un proyecto menor, por la relaci\u00f3n del entorno que tiene con las escuelas cercanas, para poder darle la continuidad y la tranquilidad a nuestra comunidad educativa de que vamos a tener ese establecimiento ya en un futuro no tan lejano\u201d, en tanto se\u00f1al\u00f3 que se tratar\u00e1 de un establecimiento integral que ofrecer\u00e1 niveles desde preb\u00e1sica a ense\u00f1anza media.<\/p>\n\n\n\n<p>Finalmente, Marta Tri\u00f1anes C\u00f3rdova, presidenta de la Junta de Vecinos Nelda Panicucci, expres\u00f3 \u201ceste es un sector que est\u00e1 con mucho crecimiento y se proyectan muchas m\u00e1s viviendas, as\u00ed es que va a ser muy importante para las familias que vengan a habitar aqu\u00ed porque van a tener todo mucho m\u00e1s cerca\u201d, en tanto explic\u00f3 que actualmente, algunos ni\u00f1os y ni\u00f1as se demoran hasta una hora en llegar a sus establecimientos educacionales.<\/p>\n\n\n\n<p>El evento concluy\u00f3 con un recorrido en el sector donde se erigir\u00e1 el recinto educacional, reafirmando el compromiso estatal con la descentralizaci\u00f3n y la mejora de la infraestructura p\u00fablica en zonas estrat\u00e9gicas de la Regi\u00f3n de Magallanes y de la Ant\u00e1rtica Chilena.<\/p>\n","protected":false},"excerpt":{"rendered":"<p>En una significativa ceremonia, realizada en la Junta de Vecinos \u201cNelda Panicucci\u201d, que marca un hito para el Plan de Desarrollo de Zonas Extremas, se llev\u00f3 a cabo la firma&#8230; <a class=\"read-more\" href=\"https:\/\/www.radiopresidenteibanez.cl\/web\/ya-existe-terreno-para-la-nueva-escuela-en-la-poblacion-nelda-panicucci\/\">Leer m\u00e1s<\/a><\/p>\n","protected":false},"author":2,"featured_media":63052,"comment_status":"closed","ping_status":"closed","sticky":false,"template":"","format":"standard","meta":{"footnotes":""},"categories":[1],"tags":[],"class_list":["post-63051","post","type-post","status-publish","format-standard","has-post-thumbnail","hentry","category-cronica"],"_links":{"self":[{"href":"https:\/\/www.radiopresidenteibanez.cl\/web\/wp-json\/wp\/v2\/posts\/63051","targetHints":{"allow":["GET"]}}],"collection":[{"href":"https:\/\/www.radiopresidenteibanez.cl\/web\/wp-json\/wp\/v2\/posts"}],"about":[{"href":"https:\/\/www.radiopresidenteibanez.cl\/web\/wp-json\/wp\/v2\/types\/post"}],"author":[{"embeddable":true,"href":"https:\/\/www.radiopresidenteibanez.cl\/web\/wp-json\/wp\/v2\/users\/2"}],"replies":[{"embeddable":true,"href":"https:\/\/www.radiopresidenteibanez.cl\/web\/wp-json\/wp\/v2\/comments?post=63051"}],"version-history":[{"count":1,"href":"https:\/\/www.radiopresidenteibanez.cl\/web\/wp-json\/wp\/v2\/posts\/63051\/revisions"}],"predecessor-version":[{"id":63053,"href":"https:\/\/www.radiopresidenteibanez.cl\/web\/wp-json\/wp\/v2\/posts\/63051\/revisions\/63053"}],"wp:featuredmedia":[{"embeddable":true,"href":"https:\/\/www.radiopresidenteibanez.cl\/web\/wp-json\/wp\/v2\/media\/63052"}],"wp:attachment":[{"href":"https:\/\/www.radiopresidenteibanez.cl\/web\/wp-json\/wp\/v2\/media?parent=63051"}],"wp:term":[{"taxonomy":"category","embeddable":true,"href":"https:\/\/www.radiopresidenteibanez.cl\/web\/wp-json\/wp\/v2\/categories?post=63051"},{"taxonomy":"post_tag","embeddable":true,"href":"https:\/\/www.radiopresidenteibanez.cl\/web\/wp-json\/wp\/v2\/tags?post=63051"}],"curies":[{"name":"wp","href":"https:\/\/api.w.org\/{rel}","templated":true}]}}