{"id":63048,"date":"2026-03-11T09:14:01","date_gmt":"2026-03-11T12:14:01","guid":{"rendered":"https:\/\/www.radiopresidenteibanez.cl\/web\/?p=63048"},"modified":"2026-03-11T09:14:03","modified_gmt":"2026-03-11T12:14:03","slug":"boletin-informativo-orbe-123","status":"publish","type":"post","link":"https:\/\/www.radiopresidenteibanez.cl\/web\/boletin-informativo-orbe-123\/","title":{"rendered":"Boletin Informativo ORBE"},"content":{"rendered":"\n<p>SANTIAGO.- El Presidente Gabriel Boric realiz\u00f3 la noche del<br>martes su \u00faltima cadena nacional en la que destac\u00f3 los hitos<br>principales de su Gobierno, realiz\u00f3 una autocr\u00edtica y envi\u00f3<br>un mensaje al futuro Mandatario, Jos\u00e9 Antonio Kast. Desde el<br>Palacio de La Moneda, el Jefe de Estado enfatiz\u00f3 que \u00abhe<br>recorrido Chile entero y puedo afirmar hoy que nuestro pa\u00eds<br>es un mejor lugar que el que era hace cuatro a\u00f1os atr\u00e1s\u00bb.<\/p>\n\n\n\n<p>SANTIAGO.- Boric agreg\u00f3 que,\u00bbY bien vale decirlo, lo hemos<br>logrado trabajando sobre lo obrado por quienes nos<br>antecedieron hist\u00f3ricamente en esta dif\u00edcil tarea. Los<br>presidentes Patricio Aylwin, Eduardo Frei, Ricardo Lagos,<br>Michelle Bachelet y Sebasti\u00e1n Pi\u00f1era, quienes despu\u00e9s de la<br>gesta que culmin\u00f3 con la recuperaci\u00f3n de la democracia en<br>nuestra patria, sentaron las bases sobre las que nos paramos<br>hoy. Somos, en el fondo, parte de una larga posta, porque as\u00ed<br>se construye Chile: con continuidad y cambio\u00bb, sostuvo.<\/p>\n\n\n\n<p>SANTIAGO.- Luego el Mandatario saliente, indic\u00f3 que, \u00abSoy un<br>presidente joven, que asumi\u00f3 esta responsabilidad con 36 a\u00f1os<br>(&#8230;) Tom\u00e9 con humildad el mandato que hace cuatro a\u00f1os<br>ustedes me dieran. Y les prometo que durante todo este tiempo<br>he dado lo mejor de m\u00ed para estar a la altura de esta<br>tremenda responsabilidad. Y puedo decirles con tranquilidad<br>que me voy con la frente en alto y con las manos limpias\u00bb,<br>sostuvo.<\/p>\n\n\n\n<p>SANTIAGO.- Tras enunciar los princiales hitos de su gobierno<br>y las iniciativas que no concret\u00f3 Boric, identific\u00f3 los<br>principales errores de su gesti\u00f3n: \u00abTambi\u00e9n hubo errores que<br>no puedo desconocer y ya habr\u00e1 tiempo para revisarlos con<br>calma y sacar las lecciones que correspondan. Pienso<br>especialmente en el manejo del &#8216;Caso Monsalve&#8217; y en el<br>proceso frustrado de la compra de la casa del expresidente<br>Salvador Allende\u00bb.<\/p>\n\n\n\n<p>SANTIAGO.- \u00abEn ambos, dijo, asumo la responsabilidad. Pero<br>sepan que las pol\u00edticas que se han impulsado en favor de la<br>mujer y la equidad de g\u00e9nero durante nuestro gobierno<br>seguir\u00e1n y quedar\u00e1n para todas las chilenas durante mucho<br>tiempo, y que la dignidad del expresidente no se mancha por<br>los errores que yo pueda haber cometido\u00bb, enfatiz\u00f3.<\/p>\n\n\n\n<p>SANTIAGO.- Un total de 80 funcionarios de Carabineros y la<br>PDI desplegaron lsa \u00faltima jornada un amplio operativo de<br>fiscalizaci\u00f3n de personas extranjeras en el sector conocido<br>como la \u00abPeque\u00f1a Caracas\u00bb, en la comuna de Estaci\u00f3n Central.<br>Los controles realizados en Toro Mazote con la Alameda<br>culminaron con personas trasladadas hasta un cuartel<br>policial, pero no detenidas, sino que como infractoras de la<br>Ley de Migraci\u00f3n al no contar con la documentaci\u00f3n<br>correspondiente.<\/p>\n\n\n\n<p>SANTIAGO.- \u00abFueron trasladados para el control que nosotros<br>hacemos, y posteriores tramitaciones ante la autoridad<br>administrativa, que tiene que tomar una resoluci\u00f3n respecto<br>de ellos. En el intertanto, la PDI mantiene un control<br>frecuente con firma mensual, de acuerdo con cada infracci\u00f3n\u00bb,<br>explic\u00f3 el subprefecto Pablo Garay, jefe de la Prefectura<br>Metropolitana de Migraciones y Polic\u00eda Internacional.<\/p>\n","protected":false},"excerpt":{"rendered":"<p>SANTIAGO.- El Presidente Gabriel Boric realiz\u00f3 la noche delmartes su \u00faltima cadena nacional en la que destac\u00f3 los hitosprincipales de su Gobierno, realiz\u00f3 una autocr\u00edtica y envi\u00f3un mensaje al futuro&#8230; <a class=\"read-more\" href=\"https:\/\/www.radiopresidenteibanez.cl\/web\/boletin-informativo-orbe-123\/\">Leer m\u00e1s<\/a><\/p>\n","protected":false},"author":2,"featured_media":63049,"comment_status":"closed","ping_status":"closed","sticky":false,"template":"","format":"standard","meta":{"footnotes":""},"categories":[1],"tags":[],"class_list":["post-63048","post","type-post","status-publish","format-standard","has-post-thumbnail","hentry","category-cronica"],"_links":{"self":[{"href":"https:\/\/www.radiopresidenteibanez.cl\/web\/wp-json\/wp\/v2\/posts\/63048","targetHints":{"allow":["GET"]}}],"collection":[{"href":"https:\/\/www.radiopresidenteibanez.cl\/web\/wp-json\/wp\/v2\/posts"}],"about":[{"href":"https:\/\/www.radiopresidenteibanez.cl\/web\/wp-json\/wp\/v2\/types\/post"}],"author":[{"embeddable":true,"href":"https:\/\/www.radiopresidenteibanez.cl\/web\/wp-json\/wp\/v2\/users\/2"}],"replies":[{"embeddable":true,"href":"https:\/\/www.radiopresidenteibanez.cl\/web\/wp-json\/wp\/v2\/comments?post=63048"}],"version-history":[{"count":1,"href":"https:\/\/www.radiopresidenteibanez.cl\/web\/wp-json\/wp\/v2\/posts\/63048\/revisions"}],"predecessor-version":[{"id":63050,"href":"https:\/\/www.radiopresidenteibanez.cl\/web\/wp-json\/wp\/v2\/posts\/63048\/revisions\/63050"}],"wp:featuredmedia":[{"embeddable":true,"href":"https:\/\/www.radiopresidenteibanez.cl\/web\/wp-json\/wp\/v2\/media\/63049"}],"wp:attachment":[{"href":"https:\/\/www.radiopresidenteibanez.cl\/web\/wp-json\/wp\/v2\/media?parent=63048"}],"wp:term":[{"taxonomy":"category","embeddable":true,"href":"https:\/\/www.radiopresidenteibanez.cl\/web\/wp-json\/wp\/v2\/categories?post=63048"},{"taxonomy":"post_tag","embeddable":true,"href":"https:\/\/www.radiopresidenteibanez.cl\/web\/wp-json\/wp\/v2\/tags?post=63048"}],"curies":[{"name":"wp","href":"https:\/\/api.w.org\/{rel}","templated":true}]}}