{"id":63043,"date":"2026-03-11T08:24:51","date_gmt":"2026-03-11T11:24:51","guid":{"rendered":"https:\/\/www.radiopresidenteibanez.cl\/web\/?p=63043"},"modified":"2026-03-11T08:24:52","modified_gmt":"2026-03-11T11:24:52","slug":"delegado-presidencial-regional-realiza-ultimo-gabinete-y-destaca-legado-de-inversion-y-presencia-del-estado-en-magallanes","status":"publish","type":"post","link":"https:\/\/www.radiopresidenteibanez.cl\/web\/delegado-presidencial-regional-realiza-ultimo-gabinete-y-destaca-legado-de-inversion-y-presencia-del-estado-en-magallanes\/","title":{"rendered":"Delegado Presidencial Regional realiza \u00faltimo Gabinete y destaca legado de inversi\u00f3n y presencia del Estado en Magallanes"},"content":{"rendered":"\n<p>En la hist\u00f3rica Casa de los Intendentes, el Delegado Presidencial Regional, Jos\u00e9 Ruiz Pivcevic, lider\u00f3 este martes el \u00faltimo Gabinete Regional del Gobierno del Presidente Gabriel Boric Font en la Regi\u00f3n de Magallanes y de la Ant\u00e1rtica Chilena, instancia que reuni\u00f3 a los Delegados Presidenciales Provinciales,<br>Secretarios Regionales Ministeriales y Jefa de Unidad Regional Subdere.<br>La reuni\u00f3n tuvo como eje central hacer un balance del trabajo coordinado desarrollado<br>durante el periodo de gobierno, destacando los avances en materia de inversi\u00f3n p\u00fablica,<br>recuperaci\u00f3n de espacios p\u00fablicos, fortalecimiento de la presencia del Estado en<br>localidades aisladas y proyecci\u00f3n estrat\u00e9gica del desarrollo regional para las pr\u00f3ximas<br>d\u00e9cadas.<br>Durante el encuentro, el Delegado Presidencial Regional valor\u00f3 el trabajo conjunto de los<br>distintos servicios del Estado, subrayando que uno de los sellos de la actual administraci\u00f3n<br>fue pensar el desarrollo de Magallanes m\u00e1s all\u00e1 del ciclo pol\u00edtico-administrativo de cada<br>gobierno, con proyectos estructurales y recursos comprometidos para el futuro.<br>\u201cRealizamos el \u00faltimo gabinete regional del Gobierno del Presidente Gabriel Boric aqu\u00ed en<br>la regi\u00f3n y uno de los principales sellos de nuestro gobierno ha sido pensar el desarrollo<br>de Magallanes para los pr\u00f3ximos a\u00f1os, independiente del ciclo administrativo de cada<br>gobierno y con recursos comprometidos para aquello\u201d, se\u00f1al\u00f3 la autoridad.<br>Entre los avances destacados se encuentra el compromiso presidencial de transformar el<br>Plan Especial de Desarrollo de Zonas Extremas, PEDZE, en una pol\u00edtica permanente, junto<br>con impulsar una estrategia de inversi\u00f3n vinculada a la posici\u00f3n geopol\u00edtica del Estrecho<br>de Magallanes, fortaleciendo la infraestructura portuaria regional.<br>En esa l\u00ednea, el Delegado inform\u00f3 que ya se encuentra tramitado el contrato entre la<br>Empresa Portuaria Austral y el Banco Interamericano de Desarrollo, lo que permitir\u00e1<br>disponer de cerca de 83 millones de d\u00f3lares para inversiones en infraestructura portuaria,<\/p>\n\n\n\n<p>incluyendo proyectos en el Muelle Prat y Mardones, adem\u00e1s de mejoras en Muelle<br>Laredo, reforzando el rol estrat\u00e9gico de las empresas p\u00fablicas.<br>Asimismo, la autoridad relev\u00f3 la recuperaci\u00f3n de espacios p\u00fablicos como una pol\u00edtica para<br>fortalecer la vida comunitaria y la seguridad, mencionando proyectos como la<br>recuperaci\u00f3n del sector del R\u00edo de las Minas, las obras en el Parque Mar\u00eda Behety, el<br>futuro Parque de los Vientos, adem\u00e1s de nuevas \u00e1reas verdes en Villa Las Nieves, Estrella<br>del Norte y Avenida Frei, entre otras iniciativas.<br>Otro de los ejes del trabajo del gabinete fue fortalecer la presencia del Estado en zonas<br>aisladas de la regi\u00f3n, con acciones concretas como la llegada de BancoEstado a Puerto<br>Williams, la construcci\u00f3n de Centros Comunitarios de Protecci\u00f3n y Cuidados en Punta<br>Delgada y Cerro Castillo, y el impulso al desarrollo de Pampa Guanaco, donde ya se<br>encuentran financiadas 30 viviendas, junto con proyectos de salud rural, mejoras en<br>infraestructura educativa y obras sanitarias.<br>\u201cComo Gobierno del Presidente Gabriel Boric entregamos el pa\u00eds y la regi\u00f3n mejor de<br>c\u00f3mo la recibimos. Estamos convencidos de que fortalecimos la presencia del Estado en<br>los distintos rincones de Magallanes, pensando en su futuro\u201d, afirm\u00f3 el Delegado.<br>Durante la jornada tambi\u00e9n se abord\u00f3 el proceso de transici\u00f3n hacia la nueva<br>administraci\u00f3n de Gobierno. En ese contexto, se inform\u00f3 que este mi\u00e9rcoles asumir\u00e1<br>como Delegada Presidencial Regional Ericka Far\u00edas Guerra, quien encabezar\u00e1 la<br>representaci\u00f3n del Gobierno del Presidente Jos\u00e9 Antonio Kast Rist en la Regi\u00f3n de<br>Magallanes y de la Ant\u00e1rtica Chilena.<br>El encuentro marc\u00f3 as\u00ed el cierre de un ciclo de trabajo intersectorial, donde las<br>autoridades coincidieron en destacar el valor del trabajo coordinado entre los distintos<br>servicios p\u00fablicos para impulsar el desarrollo territorial, social y estrat\u00e9gico de<br>Magallanes.<\/p>\n","protected":false},"excerpt":{"rendered":"<p>En la hist\u00f3rica Casa de los Intendentes, el Delegado Presidencial Regional, Jos\u00e9 Ruiz Pivcevic, lider\u00f3 este martes el \u00faltimo Gabinete Regional del Gobierno del Presidente Gabriel Boric Font en la&#8230; <a class=\"read-more\" href=\"https:\/\/www.radiopresidenteibanez.cl\/web\/delegado-presidencial-regional-realiza-ultimo-gabinete-y-destaca-legado-de-inversion-y-presencia-del-estado-en-magallanes\/\">Leer m\u00e1s<\/a><\/p>\n","protected":false},"author":2,"featured_media":63046,"comment_status":"closed","ping_status":"closed","sticky":false,"template":"","format":"standard","meta":{"footnotes":""},"categories":[1],"tags":[],"class_list":["post-63043","post","type-post","status-publish","format-standard","has-post-thumbnail","hentry","category-cronica"],"_links":{"self":[{"href":"https:\/\/www.radiopresidenteibanez.cl\/web\/wp-json\/wp\/v2\/posts\/63043","targetHints":{"allow":["GET"]}}],"collection":[{"href":"https:\/\/www.radiopresidenteibanez.cl\/web\/wp-json\/wp\/v2\/posts"}],"about":[{"href":"https:\/\/www.radiopresidenteibanez.cl\/web\/wp-json\/wp\/v2\/types\/post"}],"author":[{"embeddable":true,"href":"https:\/\/www.radiopresidenteibanez.cl\/web\/wp-json\/wp\/v2\/users\/2"}],"replies":[{"embeddable":true,"href":"https:\/\/www.radiopresidenteibanez.cl\/web\/wp-json\/wp\/v2\/comments?post=63043"}],"version-history":[{"count":1,"href":"https:\/\/www.radiopresidenteibanez.cl\/web\/wp-json\/wp\/v2\/posts\/63043\/revisions"}],"predecessor-version":[{"id":63047,"href":"https:\/\/www.radiopresidenteibanez.cl\/web\/wp-json\/wp\/v2\/posts\/63043\/revisions\/63047"}],"wp:featuredmedia":[{"embeddable":true,"href":"https:\/\/www.radiopresidenteibanez.cl\/web\/wp-json\/wp\/v2\/media\/63046"}],"wp:attachment":[{"href":"https:\/\/www.radiopresidenteibanez.cl\/web\/wp-json\/wp\/v2\/media?parent=63043"}],"wp:term":[{"taxonomy":"category","embeddable":true,"href":"https:\/\/www.radiopresidenteibanez.cl\/web\/wp-json\/wp\/v2\/categories?post=63043"},{"taxonomy":"post_tag","embeddable":true,"href":"https:\/\/www.radiopresidenteibanez.cl\/web\/wp-json\/wp\/v2\/tags?post=63043"}],"curies":[{"name":"wp","href":"https:\/\/api.w.org\/{rel}","templated":true}]}}