{"id":63040,"date":"2026-03-10T18:53:00","date_gmt":"2026-03-10T21:53:00","guid":{"rendered":"https:\/\/www.radiopresidenteibanez.cl\/web\/?p=63040"},"modified":"2026-03-10T17:52:45","modified_gmt":"2026-03-10T20:52:45","slug":"tenista-magallanico-karl-wurth-43-del-ranking-nacional-en-belgica","status":"publish","type":"post","link":"https:\/\/www.radiopresidenteibanez.cl\/web\/tenista-magallanico-karl-wurth-43-del-ranking-nacional-en-belgica\/","title":{"rendered":"TENISTA MAGALLANICO KARL WURTH, 43 DEL RANKING NACIONAL EN BELGICA"},"content":{"rendered":"\n<p>Karl Wurth, joven magall\u00e1nico que decidi\u00f3 hacer su carrera profesional de tenista en B\u00e9lgica, actualmente esta en el lugar numero 43 del ranking nacional logrando en 3 a\u00f1os, ocho t\u00edtulos nacionales, cuando comenz\u00f3 estaba ubicado en el puesto numero 160 <\/p>\n\n\n\n<p>Wurth, decidi\u00f3 radicarse en Belgica, despu\u00e9s de cursar una carrera universitaria en Estados Unidos, gracias a una beca deportiva en el Tenis, la decisi\u00f3n de su radicaci\u00f3n en este pa\u00eds fue por motivos deportivos y asi encontrar un auto sustento en su carrera, realizando clases y jugando para poder lograr premios y tener una tranquilidad econ\u00f3mica que le permita seguir vigente en este deporte.<\/p>\n\n\n\n<p>El a\u00f1o pasado Karl Wurth, recibi\u00f3 el reconocimiento del mejor jugador de la regi\u00f3n de Hainaut de toda Belgica.<\/p>\n\n\n\n<p>En los pr\u00f3ximos d\u00edas el Magall\u00e1nico de 27 a\u00f1os viajara a nuestro pa\u00eds para visitar a su familia y tambi\u00e9n poder conversar con los micr\u00f3fonos de Radio Presidente Iba\u00f1ez <\/p>\n","protected":false},"excerpt":{"rendered":"<p>Karl Wurth, joven magall\u00e1nico que decidi\u00f3 hacer su carrera profesional de tenista en B\u00e9lgica, actualmente esta en el lugar numero 43 del ranking nacional logrando en 3 a\u00f1os, ocho t\u00edtulos&#8230; <a class=\"read-more\" href=\"https:\/\/www.radiopresidenteibanez.cl\/web\/tenista-magallanico-karl-wurth-43-del-ranking-nacional-en-belgica\/\">Leer m\u00e1s<\/a><\/p>\n","protected":false},"author":2,"featured_media":63041,"comment_status":"closed","ping_status":"closed","sticky":false,"template":"","format":"standard","meta":{"footnotes":""},"categories":[1],"tags":[],"class_list":["post-63040","post","type-post","status-publish","format-standard","has-post-thumbnail","hentry","category-cronica"],"_links":{"self":[{"href":"https:\/\/www.radiopresidenteibanez.cl\/web\/wp-json\/wp\/v2\/posts\/63040","targetHints":{"allow":["GET"]}}],"collection":[{"href":"https:\/\/www.radiopresidenteibanez.cl\/web\/wp-json\/wp\/v2\/posts"}],"about":[{"href":"https:\/\/www.radiopresidenteibanez.cl\/web\/wp-json\/wp\/v2\/types\/post"}],"author":[{"embeddable":true,"href":"https:\/\/www.radiopresidenteibanez.cl\/web\/wp-json\/wp\/v2\/users\/2"}],"replies":[{"embeddable":true,"href":"https:\/\/www.radiopresidenteibanez.cl\/web\/wp-json\/wp\/v2\/comments?post=63040"}],"version-history":[{"count":1,"href":"https:\/\/www.radiopresidenteibanez.cl\/web\/wp-json\/wp\/v2\/posts\/63040\/revisions"}],"predecessor-version":[{"id":63042,"href":"https:\/\/www.radiopresidenteibanez.cl\/web\/wp-json\/wp\/v2\/posts\/63040\/revisions\/63042"}],"wp:featuredmedia":[{"embeddable":true,"href":"https:\/\/www.radiopresidenteibanez.cl\/web\/wp-json\/wp\/v2\/media\/63041"}],"wp:attachment":[{"href":"https:\/\/www.radiopresidenteibanez.cl\/web\/wp-json\/wp\/v2\/media?parent=63040"}],"wp:term":[{"taxonomy":"category","embeddable":true,"href":"https:\/\/www.radiopresidenteibanez.cl\/web\/wp-json\/wp\/v2\/categories?post=63040"},{"taxonomy":"post_tag","embeddable":true,"href":"https:\/\/www.radiopresidenteibanez.cl\/web\/wp-json\/wp\/v2\/tags?post=63040"}],"curies":[{"name":"wp","href":"https:\/\/api.w.org\/{rel}","templated":true}]}}