{"id":63037,"date":"2026-03-10T17:47:00","date_gmt":"2026-03-10T20:47:00","guid":{"rendered":"https:\/\/www.radiopresidenteibanez.cl\/web\/?p=63037"},"modified":"2026-03-10T16:32:25","modified_gmt":"2026-03-10T19:32:25","slug":"con-un-llamado-a-aprovechar-la-oferta-publica-de-jardines-infantiles-en-magallanes-autoridades-dieron-la-bienvenida-al-ano-parvulario-2026","status":"publish","type":"post","link":"https:\/\/www.radiopresidenteibanez.cl\/web\/con-un-llamado-a-aprovechar-la-oferta-publica-de-jardines-infantiles-en-magallanes-autoridades-dieron-la-bienvenida-al-ano-parvulario-2026\/","title":{"rendered":"Con un llamado a aprovechar la oferta p\u00fablica de jardines infantiles en Magallanes autoridades dieron la bienvenida al a\u00f1o Parvulario 2026"},"content":{"rendered":"\n<p>\u201c\u00c9ste ser\u00e1 nuestro cuarto a\u00f1o en el Jard\u00edn Infantil \u2018Costanera del Estrecho\u2019 de Punta Arenas. Mi<br>hija Maite entr\u00f3 con ocho meses y le encanta venir. En este establecimiento, se han portado un<br>siete. Las educadoras y t\u00e9cnicos son un amor y el recinto es precioso. Las ni\u00f1as y los ni\u00f1os<br>cuentan con un patio y vista al mar. Ha sido una experiencia s\u00faper buena, con mi hija feliz\u201d, dijo la<br>apoderada del nivel Medio Heterog\u00e9neo, Lorena Gallardo, en el inicio del A\u00f1o Parvulario 2026.<br>Las autoridades regionales de Educaci\u00f3n, encabezadas por el secretario regional ministerial<br>Valent\u00edn Aguilera G\u00f3mez, dieron la bienvenida al nuevo periodo en la unidad administrada<br>directamente por la Junta Nacional de Jardines Infantiles (Junji), ubicada en calle Julia Garay<br>Guerra 36 de Punta Arenas, recorriendo el edificio y saludando a las ni\u00f1as y los ni\u00f1os, sus familias<br>y los equipos institucionales.<br>Lorena recomend\u00f3 a otras familias la educaci\u00f3n parvularia, por el desarrollo para las ni\u00f1as y los<br>ni\u00f1os que significa. \u201cCompartir con otras p\u00e1rvulas y p\u00e1rvulos es fundamental. Una puede no<br>querer enviarlos a los jardines infantiles por miedo o por querer cuidarlos una misma. Pero es<br>importante para que aprendan a comunicarse, que no se frustren, creen h\u00e1bitos. Yo invito a todas<br>y todos a enviar a las ni\u00f1as y los ni\u00f1os a los establecimientos de Educaci\u00f3n Parvularia\u201d, agreg\u00f3.<br>Valent\u00edn Aguilera record\u00f3 que el Jard\u00edn Infantil \u201cCostanera del Estrecho\u201d fue inaugurado el 3 de<br>junio de 2022, dentro del Gobierno del Presidente Gabriel Boric, lo que resalta en el pr\u00f3ximo fin<br>de su administraci\u00f3n. \u201cAqu\u00ed hubo una inversi\u00f3n que super\u00f3 los $1.600 millones al servicio de la<br>comunidad\u201d, subray\u00f3. El recinto tiene una capacidad y matr\u00edcula para 20 ni\u00f1as y ni\u00f1os en Sala<br>Cuna Heterog\u00e9nea y 28, en nivel Medio Heterog\u00e9neo, contando con un sello educativo ecol\u00f3gico<br>cultural.<br>La apoderada de la Sala Cuna, Milena Marnell, junto a su hija Mia, viven sus primeros d\u00edas de<br>adaptaci\u00f3n. Milena dijo que la unidad \u201ces c\u00f3moda, gratuita, nueva y con una infraestructura<br>preciosa, con un equipo que es un siete. Educadoras y t\u00e9cnicos en educaci\u00f3n de p\u00e1rvulos que son<br>cari\u00f1osas y respetuosas con los tiempos de cada ni\u00f1a y ni\u00f1o\u201d. Resalt\u00f3 que asistir a los recintos de<br>Educaci\u00f3n Parvularia es importante para el desarrollo de las y los p\u00e1rvulos, ya que comparten con<br>otros. Adicion\u00f3 que \u201casistir sin faltar es esencial para no perder el rumbo de lo avanzado\u201d.<br>\u201cHay que aprovechar la oferta p\u00fablica en Educaci\u00f3n Parvularia\u201d<br>4.500 ni\u00f1as y ni\u00f1os son atendidos en el sistema p\u00fablico de Educaci\u00f3n Parvularia, que conforman<br>los jardines infantiles y programas educativos de la Junji, Fundaci\u00f3n Integra y el Servicio Local de<br>Educaci\u00f3n P\u00fablica (Slep) en la Regi\u00f3n de Magallanes y de la Ant\u00e1rtica Chilena.<br>El director ejecutivo subrogante de Slep, Jorge Vald\u00e9s, manifest\u00f3 que la entidad que representa<br>ofrece cobertura en Educaci\u00f3n Inicial en pr\u00e1cticamente toda la regi\u00f3n, con establecimientos y<br>equipos profesionales \u201ccomprometidos con las ni\u00f1as y los ni\u00f1os y un permanente<br>acompa\u00f1amiento t\u00e9cnico desde nuestra Subdirecci\u00f3n de Apoyo T\u00e9cnico Pedag\u00f3gico. Contamos<br>con cupos disponibles para atender a m\u00e1s p\u00e1rvulos e invitamos a las familias a acercarse a<br>nuestros recintos, dada la importancia de la educaci\u00f3n desde la edad m\u00e1s temprana\u201d.<br>Alan Carrasco Concha, director regional de Integra, afirm\u00f3 que las tres instituciones otorgan<br>calidad en t\u00e9rminos de la infraestructura, calidad y servicio que se brinda a las ni\u00f1as y los ni\u00f1os.<br>\u201cEs importante relevarlo porque es el primer nivel educativo con espacios de interacci\u00f3n,<br>exploraci\u00f3n y juego. Invito a las familias a confiar en los proyectos educativos\u201d, dijo.<br>Agreg\u00f3 que se trata de \u201cespacios de calidad, seguros, vinculados a las necesidades y<br>caracter\u00edsticas de los p\u00e1rvulos. La asistencia debe ser un elemento central para las familias de las<br>ni\u00f1as y los ni\u00f1os, que pueden desarrollar habilidades, avanzar en aprendizajes y en compartir con<br>otras y otros\u201d.<br>La directora regional de la Junji, Paola Valenzuela Pino, explic\u00f3 que su instituci\u00f3n atiende a m\u00e1s de<br>2.500 ni\u00f1as y ni\u00f1os en todo el territorio, con 21 jardines infantiles y programas educativos, con<br>permanente formaci\u00f3n y capacitaci\u00f3n para sus equipos, de modo de contar con las mejores<br>capacidades para recibir y hacer pr\u00e1cticas educativas a las y los p\u00e1rvulos.<br>\u201cContamos con proyectos y ofertas pedag\u00f3gicas que implican juegos y desarrollo de habilidades,<br>con la participaci\u00f3n y compromiso de todas las familias\u201d subray\u00f3, enfatizando en el trabajo<br>instalado de inclusi\u00f3n, para que todas y todos puedan acceder a actividades que permitan<br>desarrollar todo el potencial, m\u00e1s all\u00e1 de las necesidades educativas especiales, cumpliendo con la<br>normativa actual y alcanzando el Reconocimiento Oficial correspondiente.<br>El secretario regional ministerial de Educaci\u00f3n, Valent\u00edn Aguilera, aprovech\u00f3 la cita para regalar<br>libros a la comunidad educativa. Afirm\u00f3 estar contento de iniciar el A\u00f1o Parvulario 2026 en el<br>Jard\u00edn Infantil \u201cCostanera del Estrecho\u201d, desde donde llam\u00f3 a la comunidad a aprovechar la oferta<br>p\u00fablica en Educaci\u00f3n Parvularia. \u201cHay establecimientos en las cuatro provincias. Esperamos que<br>sea un excelente a\u00f1o y que el trabajo de calidad sea aprovechado por las familias de la regi\u00f3n.<br>Llamamos a los interesados a acercarse a las instituciones disponibles\u201d, enfatiz\u00f3.<br>Record\u00f3 que durante el Gobierno del Presidente Gabriel Boric ocurri\u00f3 el periodo de reactivaci\u00f3n<br>del sistema educativo post pandemia del coronavirus, con mejoras en la asistencia de cerca del<br>80% en Magallanes, lo que representaba uno de los desaf\u00edos de la administraci\u00f3n.<br>La autoridad concluy\u00f3 que \u201cel desarrollo en Educaci\u00f3n Parvularia es muy importante, ya que<br>entrega habilidades que son vitales para la continuidad del ciclo educativo. El Ministerio de<br>Educaci\u00f3n llama a aprovechar la oferta p\u00fablica y la importancia de asistir todos los d\u00edas\u201d.<\/p>\n","protected":false},"excerpt":{"rendered":"<p>\u201c\u00c9ste ser\u00e1 nuestro cuarto a\u00f1o en el Jard\u00edn Infantil \u2018Costanera del Estrecho\u2019 de Punta Arenas. Mihija Maite entr\u00f3 con ocho meses y le encanta venir. En este establecimiento, se han&#8230; <a class=\"read-more\" href=\"https:\/\/www.radiopresidenteibanez.cl\/web\/con-un-llamado-a-aprovechar-la-oferta-publica-de-jardines-infantiles-en-magallanes-autoridades-dieron-la-bienvenida-al-ano-parvulario-2026\/\">Leer m\u00e1s<\/a><\/p>\n","protected":false},"author":2,"featured_media":63038,"comment_status":"closed","ping_status":"closed","sticky":false,"template":"","format":"standard","meta":{"footnotes":""},"categories":[1],"tags":[],"class_list":["post-63037","post","type-post","status-publish","format-standard","has-post-thumbnail","hentry","category-cronica"],"_links":{"self":[{"href":"https:\/\/www.radiopresidenteibanez.cl\/web\/wp-json\/wp\/v2\/posts\/63037","targetHints":{"allow":["GET"]}}],"collection":[{"href":"https:\/\/www.radiopresidenteibanez.cl\/web\/wp-json\/wp\/v2\/posts"}],"about":[{"href":"https:\/\/www.radiopresidenteibanez.cl\/web\/wp-json\/wp\/v2\/types\/post"}],"author":[{"embeddable":true,"href":"https:\/\/www.radiopresidenteibanez.cl\/web\/wp-json\/wp\/v2\/users\/2"}],"replies":[{"embeddable":true,"href":"https:\/\/www.radiopresidenteibanez.cl\/web\/wp-json\/wp\/v2\/comments?post=63037"}],"version-history":[{"count":1,"href":"https:\/\/www.radiopresidenteibanez.cl\/web\/wp-json\/wp\/v2\/posts\/63037\/revisions"}],"predecessor-version":[{"id":63039,"href":"https:\/\/www.radiopresidenteibanez.cl\/web\/wp-json\/wp\/v2\/posts\/63037\/revisions\/63039"}],"wp:featuredmedia":[{"embeddable":true,"href":"https:\/\/www.radiopresidenteibanez.cl\/web\/wp-json\/wp\/v2\/media\/63038"}],"wp:attachment":[{"href":"https:\/\/www.radiopresidenteibanez.cl\/web\/wp-json\/wp\/v2\/media?parent=63037"}],"wp:term":[{"taxonomy":"category","embeddable":true,"href":"https:\/\/www.radiopresidenteibanez.cl\/web\/wp-json\/wp\/v2\/categories?post=63037"},{"taxonomy":"post_tag","embeddable":true,"href":"https:\/\/www.radiopresidenteibanez.cl\/web\/wp-json\/wp\/v2\/tags?post=63037"}],"curies":[{"name":"wp","href":"https:\/\/api.w.org\/{rel}","templated":true}]}}