{"id":63034,"date":"2026-03-10T16:25:22","date_gmt":"2026-03-10T19:25:22","guid":{"rendered":"https:\/\/www.radiopresidenteibanez.cl\/web\/?p=63034"},"modified":"2026-03-10T16:25:24","modified_gmt":"2026-03-10T19:25:24","slug":"minvu-otorga-subsidios-a-primer-proyecto-del-programa-para-trabajadores-y-trabajadoras","status":"publish","type":"post","link":"https:\/\/www.radiopresidenteibanez.cl\/web\/minvu-otorga-subsidios-a-primer-proyecto-del-programa-para-trabajadores-y-trabajadoras\/","title":{"rendered":"Minvu otorga subsidios a primer proyecto del Programa para Trabajadores y Trabajadoras"},"content":{"rendered":"\n<p>El proyecto habitacional Anef Magallanes, formulado por la Entidad Patrocinante Salfa Austral, fue uno de los cinco seleccionados a nivel nacional por el Ministerio de Vivienda y Urbanismo, en la modalidad colectiva para trabajadoras y trabajadores. Los subsidios otorgados para la construcci\u00f3n del nuevo barrio de 213 viviendas y departamentos, alcanzan los 12.281 millones de pesos aproximadamente.<\/p>\n\n\n\n<p>La iniciativa corresponde a una de las l\u00edneas program\u00e1ticas generadas por el Plan de Emergencia habitacional para diversificar el acceso a la vivienda. En este caso se trata de un programa dirigido a trabajadores\/as agrupados\/as colectivamente en un sindicato o asociaci\u00f3n gremial, trabajadores\/as p\u00fablicos y sector privado, municipales o similares, y sus empleadores, para desarrollar planes habitacionales para que sus trabajadores adquieran una primera vivienda en propiedad.<\/p>\n\n\n\n<p>El Seremi de Vivienda y Urbanismo, Marco Uribe Saldivia, inform\u00f3 \u201cCon esta aprobaci\u00f3n estamos sellando un compromiso regional que adoptamos como Ministerio de Vivienda y Urbanismo con los funcionarios p\u00fablicos en octubre del 2022, que finalmente se concreta con esta selecci\u00f3n que garantiza los recursos para la ejecuci\u00f3n del futuro proyecto para empleados p\u00fablicos ac\u00e1 en la regi\u00f3n del Presidente\u201d.<\/p>\n\n\n\n<p>Respecto del aporte del Gobierno Regional para la adquisici\u00f3n del terreno y las obras que se deben ejecutar para habilitarlo, el Seremi Marco Uribe, agreg\u00f3 \u201cNos llena de orgullo habernos podido reunir con Evelyn C\u00f3rdova, quien ha llevado esta bandera desde el inicio. Hay que recordar que ac\u00e1 tambi\u00e9n hay un compromiso por parte del Gobernador Jorge Flies, respecto del financiamiento para la b\u00fasqueda del terreno, y tambi\u00e9n de lo que hay que hacer en el futuro con la matriz que pasa en este terreno, de alrededor de cuatro hect\u00e1reas y media, que tiene que suceder para que se ejecute este proyecto\u201d.<\/p>\n\n\n\n<p>El proyecto que se construir\u00e1 en Punta Arenas, fue postulado al llamado publicado por el Minvu de agosto de 2025 para la presentaci\u00f3n de proyectos colectivos de integraci\u00f3n social en la alternativa de vivienda para organizaciones de trabajadores y trabajadoras.<\/p>\n\n\n\n<p>Al respecto, el Director Regional (S) del Serviu, Omar Gonz\u00e1lez Asenjo indic\u00f3 \u201cDentro del Plan de Emergencia Habitacional, uno de los programas es el Programa Especial de Trabajadores. En este caso somos una de las cinco regiones que pudieron revisar proyectos, enviarlos a nivel central y fueron aprobados los subsidios para 213 familias que van a poder tener este proyecto habitacional cofinanciado por el Gobierno Regional, en donde en un terreno Serviu se va a ejecutar en paralelo con otro proyecto que est\u00e1 formulando la Seremi de Vivienda y Urbanismo en cuanto a la modificaci\u00f3n de un colector, lo cual nos permite dar m\u00e1s cabida y poder dar soluci\u00f3n a estas 213 familias que son parte de la Asociaci\u00f3n de Empleados Fiscales\u201d.<\/p>\n\n\n\n<p>La dirigenta agradeci\u00f3 el apoyo de los equipos t\u00e9cnicos de la Seremi y el Serviu regional durante el proceso de organizaci\u00f3n y desarrollo del proyecto \u201cNosotros siempre decimos que para el banco somos pobres, pero para el Estado \u00e9ramos ricos y qued\u00e1bamos en la mitad y nadie nos entregaba un beneficio o una ayuda. Aqu\u00ed nos est\u00e1n entregando un apoyo a 213 familias de funcionarios p\u00fablicos de diferentes servicios que van a complementar con cr\u00e9dito hipotecario para obtener su casa, no se les est\u00e1 regalando el 100 por ciento de las viviendas, sino que ellos van a tener que complementar el costo de su vivienda\u201d<\/p>\n","protected":false},"excerpt":{"rendered":"<p>El proyecto habitacional Anef Magallanes, formulado por la Entidad Patrocinante Salfa Austral, fue uno de los cinco seleccionados a nivel nacional por el Ministerio de Vivienda y Urbanismo, en la&#8230; <a class=\"read-more\" href=\"https:\/\/www.radiopresidenteibanez.cl\/web\/minvu-otorga-subsidios-a-primer-proyecto-del-programa-para-trabajadores-y-trabajadoras\/\">Leer m\u00e1s<\/a><\/p>\n","protected":false},"author":2,"featured_media":63035,"comment_status":"closed","ping_status":"closed","sticky":false,"template":"","format":"standard","meta":{"footnotes":""},"categories":[1],"tags":[],"class_list":["post-63034","post","type-post","status-publish","format-standard","has-post-thumbnail","hentry","category-cronica"],"_links":{"self":[{"href":"https:\/\/www.radiopresidenteibanez.cl\/web\/wp-json\/wp\/v2\/posts\/63034","targetHints":{"allow":["GET"]}}],"collection":[{"href":"https:\/\/www.radiopresidenteibanez.cl\/web\/wp-json\/wp\/v2\/posts"}],"about":[{"href":"https:\/\/www.radiopresidenteibanez.cl\/web\/wp-json\/wp\/v2\/types\/post"}],"author":[{"embeddable":true,"href":"https:\/\/www.radiopresidenteibanez.cl\/web\/wp-json\/wp\/v2\/users\/2"}],"replies":[{"embeddable":true,"href":"https:\/\/www.radiopresidenteibanez.cl\/web\/wp-json\/wp\/v2\/comments?post=63034"}],"version-history":[{"count":1,"href":"https:\/\/www.radiopresidenteibanez.cl\/web\/wp-json\/wp\/v2\/posts\/63034\/revisions"}],"predecessor-version":[{"id":63036,"href":"https:\/\/www.radiopresidenteibanez.cl\/web\/wp-json\/wp\/v2\/posts\/63034\/revisions\/63036"}],"wp:featuredmedia":[{"embeddable":true,"href":"https:\/\/www.radiopresidenteibanez.cl\/web\/wp-json\/wp\/v2\/media\/63035"}],"wp:attachment":[{"href":"https:\/\/www.radiopresidenteibanez.cl\/web\/wp-json\/wp\/v2\/media?parent=63034"}],"wp:term":[{"taxonomy":"category","embeddable":true,"href":"https:\/\/www.radiopresidenteibanez.cl\/web\/wp-json\/wp\/v2\/categories?post=63034"},{"taxonomy":"post_tag","embeddable":true,"href":"https:\/\/www.radiopresidenteibanez.cl\/web\/wp-json\/wp\/v2\/tags?post=63034"}],"curies":[{"name":"wp","href":"https:\/\/api.w.org\/{rel}","templated":true}]}}