{"id":63025,"date":"2026-03-10T14:23:00","date_gmt":"2026-03-10T17:23:00","guid":{"rendered":"https:\/\/www.radiopresidenteibanez.cl\/web\/?p=63025"},"modified":"2026-03-10T11:57:22","modified_gmt":"2026-03-10T14:57:22","slug":"cerca-de-150-estudiantes-iniciaron-el-ano-academico-2026-en-el-cft-de-magallanes-sede-porvenir","status":"publish","type":"post","link":"https:\/\/www.radiopresidenteibanez.cl\/web\/cerca-de-150-estudiantes-iniciaron-el-ano-academico-2026-en-el-cft-de-magallanes-sede-porvenir\/","title":{"rendered":"Cerca de 150 estudiantes iniciaron el a\u00f1o acad\u00e9mico 2026 en el CFT de Magallanes sede Porvenir"},"content":{"rendered":"\n<p>Con entusiasmo y altas expectativas comenz\u00f3 oficialmente este lunes 9 de marzo el a\u00f1o acad\u00e9mico<br>2026 en la sede de Porvenir del CFT de Magallanes. A las 18:30 horas se dio inicio formal a las clases,<br>instancia que reuni\u00f3 a m\u00e1s de 150 estudiantes entre quienes ingresan por primera vez y quienes<br>contin\u00faan su proceso formativo en las distintas carreras t\u00e9cnicas que imparte la instituci\u00f3n estatal en<br>Tierra del Fuego.<br>El retorno a las aulas estuvo marcado por el entusiasmo de estudiantes nuevos y de continuidad,<br>quienes retomaron sus actividades acad\u00e9micas en las modernas dependencias del centro de formaci\u00f3n.<br>Para muchos de ellos, este nuevo ciclo representa una oportunidad concreta de desarrollo personal,<br>acad\u00e9mico y laboral en la provincia.<br>La rectora del CFT de Magallanes, Valeria Gallardo, dio sus mejores deseos a la comunidad estudiantil<br>destacando el compromiso que implica iniciar una formaci\u00f3n t\u00e9cnica. \u201cQuiero dar la m\u00e1s cordial<br>bienvenida a todos nuestros estudiantes nuevos y tambi\u00e9n de cursos superiores que hoy d\u00eda, 9 de<br>marzo, inician nuestras clases. Desearles mucho \u00e9xito, porque sabemos el compromiso que adquieren<br>cuando toman una decisi\u00f3n tan importante como movilizar sus vidas a trav\u00e9s de una formaci\u00f3n<br>acad\u00e9mica y de un t\u00edtulo\u201d.<br>Desde el estudiantado tambi\u00e9n se valor\u00f3 la oportunidad de acceder a formaci\u00f3n t\u00e9cnica en la provincia.<br>Jorge Peranchiguai Per\u00e1n, estudiante de primer a\u00f1o de T\u00e9cnico en Veterinaria y Producci\u00f3n<br>Agropecuaria, se\u00f1al\u00f3 que decidi\u00f3 estudiar en el CFT principalmente por la cercan\u00eda con su hogar y la<br>posibilidad de compatibilizar sus tiempos laborales con los estudios.<br>Por su parte, Paola Aguilera Aguilera, estudiante de segundo a\u00f1o de T\u00e9cnico en Educaci\u00f3n Parvularia,<br>menci\u00f3n Inclusi\u00f3n, destac\u00f3 las facilidades que ofrece la instituci\u00f3n para quienes desean continuar sus<br>estudios. \u201cQue vengan con ganas, que estudien, porque aqu\u00ed te dan las facilidades para las personas que<br>trabajan\u201d.<br>Semana de inducci\u00f3n<br>El inicio de las clases estuvo precedido por una semana de actividades de preparaci\u00f3n acad\u00e9mica. El<br>pasado 4 de marzo se realiz\u00f3 la jornada de inducci\u00f3n dirigida a los nuevos estudiantes, instancia que<br>permiti\u00f3 conocer las instalaciones, familiarizarse con las plataformas digitales institucionales y<br>comprender el funcionamiento acad\u00e9mico del CFT de Magallanes.<br>Posteriormente, los d\u00edas 5 y 6 de marzo se llevaron a cabo las jornadas de inducci\u00f3n destinadas al<br>cuerpo docente, considerado un eje fundamental en el proceso formativo. El docente Jos\u00e9 Luis Saavedra<br>valor\u00f3 la oportunidad de formar parte del proyecto educativo se\u00f1alando que su objetivo es \u201cpoder<br>entregar lo mejor tanto en lo profesional como en lo acad\u00e9mico, porque es una casa de estudios<br>superiores donde docentes y estudiantes buscan siempre dar lo mejor\u201d.<br>Desde el CFT de Magallanes recordaron que, pese al inicio de clases, el proceso de matr\u00edcula para las<br>carreras presenciales se mantiene abierto hasta el 31 de marzo, con matr\u00edcula gratuita y acceso a<br>beneficios del Estado, becas y postulaci\u00f3n a gratuidad. Las personas interesadas pueden conocer m\u00e1s<br>detalles visitando el sitio web www.cftdemagallanes.cl.<\/p>\n","protected":false},"excerpt":{"rendered":"<p>Con entusiasmo y altas expectativas comenz\u00f3 oficialmente este lunes 9 de marzo el a\u00f1o acad\u00e9mico2026 en la sede de Porvenir del CFT de Magallanes. A las 18:30 horas se dio&#8230; <a class=\"read-more\" href=\"https:\/\/www.radiopresidenteibanez.cl\/web\/cerca-de-150-estudiantes-iniciaron-el-ano-academico-2026-en-el-cft-de-magallanes-sede-porvenir\/\">Leer m\u00e1s<\/a><\/p>\n","protected":false},"author":2,"featured_media":63026,"comment_status":"closed","ping_status":"closed","sticky":false,"template":"","format":"standard","meta":{"footnotes":""},"categories":[1],"tags":[],"class_list":["post-63025","post","type-post","status-publish","format-standard","has-post-thumbnail","hentry","category-cronica"],"_links":{"self":[{"href":"https:\/\/www.radiopresidenteibanez.cl\/web\/wp-json\/wp\/v2\/posts\/63025","targetHints":{"allow":["GET"]}}],"collection":[{"href":"https:\/\/www.radiopresidenteibanez.cl\/web\/wp-json\/wp\/v2\/posts"}],"about":[{"href":"https:\/\/www.radiopresidenteibanez.cl\/web\/wp-json\/wp\/v2\/types\/post"}],"author":[{"embeddable":true,"href":"https:\/\/www.radiopresidenteibanez.cl\/web\/wp-json\/wp\/v2\/users\/2"}],"replies":[{"embeddable":true,"href":"https:\/\/www.radiopresidenteibanez.cl\/web\/wp-json\/wp\/v2\/comments?post=63025"}],"version-history":[{"count":1,"href":"https:\/\/www.radiopresidenteibanez.cl\/web\/wp-json\/wp\/v2\/posts\/63025\/revisions"}],"predecessor-version":[{"id":63027,"href":"https:\/\/www.radiopresidenteibanez.cl\/web\/wp-json\/wp\/v2\/posts\/63025\/revisions\/63027"}],"wp:featuredmedia":[{"embeddable":true,"href":"https:\/\/www.radiopresidenteibanez.cl\/web\/wp-json\/wp\/v2\/media\/63026"}],"wp:attachment":[{"href":"https:\/\/www.radiopresidenteibanez.cl\/web\/wp-json\/wp\/v2\/media?parent=63025"}],"wp:term":[{"taxonomy":"category","embeddable":true,"href":"https:\/\/www.radiopresidenteibanez.cl\/web\/wp-json\/wp\/v2\/categories?post=63025"},{"taxonomy":"post_tag","embeddable":true,"href":"https:\/\/www.radiopresidenteibanez.cl\/web\/wp-json\/wp\/v2\/tags?post=63025"}],"curies":[{"name":"wp","href":"https:\/\/api.w.org\/{rel}","templated":true}]}}