{"id":62977,"date":"2026-03-09T11:48:00","date_gmt":"2026-03-09T14:48:00","guid":{"rendered":"https:\/\/www.radiopresidenteibanez.cl\/web\/?p=62977"},"modified":"2026-03-09T10:54:25","modified_gmt":"2026-03-09T13:54:25","slug":"120-kilometros-pavimentados-en-tierra-del-fuego-gobierno-inaugura-ruta-y-65-porvenir-manantiales","status":"publish","type":"post","link":"https:\/\/www.radiopresidenteibanez.cl\/web\/120-kilometros-pavimentados-en-tierra-del-fuego-gobierno-inaugura-ruta-y-65-porvenir-manantiales\/","title":{"rendered":"120 kil\u00f3metros pavimentados en Tierra del Fuego: Gobierno inaugura Ruta Y-65 Porvenir Manantiales"},"content":{"rendered":"\n<p>Este s\u00e1bado se inaugur\u00f3 la anhelada pavimentaci\u00f3n de la Ruta Y-65 Porvenir Manantiales, v\u00eda estrat\u00e9gica clave para la conectividad, seguridad y desarrollo de la Provincia de Tierra del Fuego y de la regi\u00f3n<br>de Magallanes, raz\u00f3n por la que su pavimentaci\u00f3n fue considerada prioridad de Estado e inici\u00f3 su construcci\u00f3n por medio del Plan de Desarrollo de Zonas Extremas impulsado en el Gobierno de la Presidenta Michelle Bachelet, y se fue ejecutando por tramos hasta el presente a\u00f1o.<br>En la ceremonia de inauguraci\u00f3n particip\u00f3 el Gobernador Jorge Flies,<br>Delegado Presidencial Regional Jos\u00e9 Ruiz, Delegado Provincial Jos\u00e9<br>Campos, Seremi de Obras P\u00fablicas Jos\u00e9 Luis Hern\u00e1ndez, Director<br>Regional de Vialidad (s) Sebasti\u00e1n Schadenberg, consejeros regionales,<br>vecinos, y otras autoridades regionales, provinciales y comunales.<br>Como destac\u00f3 el Seremi de Obras P\u00fablicas, Jos\u00e9 Luis Hern\u00e1ndez: \u201cEsta<br>es una ruta altamente esperada por la comunidad de Tierra del Fuego,<br>pero en especial por la comunidad de Porvenir. Estamos cumpliendo un<br>compromiso adquirido el a\u00f1o 2016 cuando esta obra comenz\u00f3 a<br>ejecutarse a trav\u00e9s del Plan de Zonas Extremas levantado por la en ese<br>entonces Presidenta Michelle Bachelet, y hoy d\u00eda continu\u00f3 durante todo<br>este periodo hasta enero del 2026, donde ya realizamos el t\u00e9rmino de<br>toda esta obra y la entrega ya final\u201d.<br>\u201cHoy d\u00eda poder inaugurar 120 kil\u00f3metros de pavimento de alto est\u00e1ndar<br>que permiten unir el sector de Manantiales con Porvenir y poder acortar<br>los tiempos de la comunidad para poder cruzar a trav\u00e9s de Primera<br>Angostura, llegar a Punta Arenas, recorrer hacia el norte del pa\u00eds o<br>tambi\u00e9n la gente que quiere llegar a Tierra del Fuego y poder llegar al<br>extremo sur de nuestra gran isla Tierra del Fuego, es muy importante y<br>nos llena de orgullo\u201d, a\u00f1adi\u00f3 Hern\u00e1ndez.<br>Por su parte, el Gobernador Jorge Flies, destac\u00f3 que \u201cestamos<br>entregando el uso completo del tramo de 120 kil\u00f3metros de la Ruta Y-65<br>Porvenir Manantiales, uno de los proyectos emblem\u00e1ticos del Plan de<br>Zonas Extremas 1. Partimos en el a\u00f1o 2016 estando de Presidenta<br>Michelle Bachelet y me toc\u00f3 estando de Intendente en el primer tramo y<br>hoy d\u00eda como Gobernador, terminando el Gobierno del Presidente Boric,<br>en una continuidad de Estado despu\u00e9s del Gobierno del Presidente<br>Pi\u00f1era y los cuatro a\u00f1os del presidente Boric, se est\u00e1n entregando 120<\/p>\n\n\n\n<p>kil\u00f3metros en pavimentaci\u00f3n junto a lo que ha sido la ruta internacional<br>y tambi\u00e9n lo que es la pavimentaci\u00f3n de la ruta Porvenir Onaissin\u201d.<br>\u201cEn pocos a\u00f1os todo el norte de la isla est\u00e1 pavimentado y esto cambia<br>la vida de la gente de Tierra del Fuego en el \u00e1mbito seguridad, en el<br>\u00e1mbito de rescate sanitario, en el \u00e1mbito de las postas rurales, de<br>conectividad territorial, e integraci\u00f3n internacional\u201d, agreg\u00f3 Flies.<br>Las autoridades presentes destacaron que la pavimentaci\u00f3n y el<br>mejoramiento de la ruta provocar\u00e1n un impacto directo en la calidad de<br>vida de los usuarios y en la econom\u00eda local, reduci\u00e9ndose adem\u00e1s los<br>accidentes, mejora en la adherencia en climas adversos y<br>disminuy\u00e9ndose los tiempos de traslado, entre otros beneficios.<br>En la obra se invirtieron cerca de 110 mil millones de pesos entre<br>financiamiento del Gobierno Regional y fondos sectoriales del Ministerio<br>de Obras P\u00fablicas.<\/p>\n","protected":false},"excerpt":{"rendered":"<p>Este s\u00e1bado se inaugur\u00f3 la anhelada pavimentaci\u00f3n de la Ruta Y-65 Porvenir Manantiales, v\u00eda estrat\u00e9gica clave para la conectividad, seguridad y desarrollo de la Provincia de Tierra del Fuego y&#8230; <a class=\"read-more\" href=\"https:\/\/www.radiopresidenteibanez.cl\/web\/120-kilometros-pavimentados-en-tierra-del-fuego-gobierno-inaugura-ruta-y-65-porvenir-manantiales\/\">Leer m\u00e1s<\/a><\/p>\n","protected":false},"author":2,"featured_media":62978,"comment_status":"closed","ping_status":"closed","sticky":false,"template":"","format":"standard","meta":{"footnotes":""},"categories":[1],"tags":[],"class_list":["post-62977","post","type-post","status-publish","format-standard","has-post-thumbnail","hentry","category-cronica"],"_links":{"self":[{"href":"https:\/\/www.radiopresidenteibanez.cl\/web\/wp-json\/wp\/v2\/posts\/62977","targetHints":{"allow":["GET"]}}],"collection":[{"href":"https:\/\/www.radiopresidenteibanez.cl\/web\/wp-json\/wp\/v2\/posts"}],"about":[{"href":"https:\/\/www.radiopresidenteibanez.cl\/web\/wp-json\/wp\/v2\/types\/post"}],"author":[{"embeddable":true,"href":"https:\/\/www.radiopresidenteibanez.cl\/web\/wp-json\/wp\/v2\/users\/2"}],"replies":[{"embeddable":true,"href":"https:\/\/www.radiopresidenteibanez.cl\/web\/wp-json\/wp\/v2\/comments?post=62977"}],"version-history":[{"count":1,"href":"https:\/\/www.radiopresidenteibanez.cl\/web\/wp-json\/wp\/v2\/posts\/62977\/revisions"}],"predecessor-version":[{"id":62979,"href":"https:\/\/www.radiopresidenteibanez.cl\/web\/wp-json\/wp\/v2\/posts\/62977\/revisions\/62979"}],"wp:featuredmedia":[{"embeddable":true,"href":"https:\/\/www.radiopresidenteibanez.cl\/web\/wp-json\/wp\/v2\/media\/62978"}],"wp:attachment":[{"href":"https:\/\/www.radiopresidenteibanez.cl\/web\/wp-json\/wp\/v2\/media?parent=62977"}],"wp:term":[{"taxonomy":"category","embeddable":true,"href":"https:\/\/www.radiopresidenteibanez.cl\/web\/wp-json\/wp\/v2\/categories?post=62977"},{"taxonomy":"post_tag","embeddable":true,"href":"https:\/\/www.radiopresidenteibanez.cl\/web\/wp-json\/wp\/v2\/tags?post=62977"}],"curies":[{"name":"wp","href":"https:\/\/api.w.org\/{rel}","templated":true}]}}