{"id":627,"date":"2019-01-21T18:38:15","date_gmt":"2019-01-21T18:38:15","guid":{"rendered":"http:\/\/www.radiopresidenteibanez.cl\/web\/?p=627"},"modified":"2019-01-21T18:38:29","modified_gmt":"2019-01-21T18:38:29","slug":"20-estudiantes-son-parte-de-la-tercera-generacion-pace-umag","status":"publish","type":"post","link":"https:\/\/www.radiopresidenteibanez.cl\/web\/20-estudiantes-son-parte-de-la-tercera-generacion-pace-umag\/","title":{"rendered":"20 ESTUDIANTES SON PARTE DE LA TERCERA GENERACI\u00d3N PACE UMAG"},"content":{"rendered":"\n<p>En el proceso de Matr\u00edculas\nPACE UMAG 2019, de los 57 estudiantes habilitados de los establecimientos\npertenecientes al Programa de Acompa\u00f1amiento y Acceso Efectivo a la Educaci\u00f3n\nSuperior, 20 ingresaron a la Universidad de Magallanes por esta v\u00eda, cumpliendo\nas\u00ed con el objetivo\nprincipal del&nbsp; programa, que busca&nbsp;restituir\nel derecho a la educaci\u00f3n superior a estudiantes de sectores vulnerados,\ngarantizando cupos en la educaci\u00f3n superior a quienes cumplieron los requisitos\npara optar a este beneficio.&nbsp; <\/p>\n\n\n\n<p>En este contexto, los estudiantes\nPACE que ingresan a la Universidad por esta v\u00eda son acompa\u00f1ados por\nprofesionales y tutores pares que los ayudan en el proceso de&nbsp; adaptaci\u00f3n y de rendimiento educacional\ndurante su primer a\u00f1o acad\u00e9mico.&nbsp;&nbsp;&nbsp; <\/p>\n\n\n\n<p>Por otro lado, este a\u00f1o se\ncomienza a trabajar con los cuartos medios del Liceo Sara Braun de Punta Arenas\ny el Liceo Gabriela Mistral de Puerto Natales, quienes el 2020 podr\u00e1n contar\ncon su primera generaci\u00f3n PACE. <\/p>\n\n\n\n<p>Frente a esto, Carmen Paz Oval S., Coordinadora Ejecutiva PACE\nUMAG, se\u00f1al\u00f3 que \u201ccada proceso de admisi\u00f3n y matr\u00edcula es un desaf\u00edo. Este a\u00f1o\ntuvimos una mejor respuesta con respecto a los seleccionados y postulantes lo\nque significa que el programa se ha ido afianzado en los estudiantes y en sus\nfamilias quienes se han ido creando expectativas para la educaci\u00f3n superior.\nCreemos en nuestros estudiantes y en lo que son capaces de lograr en este nuevo\ndesaf\u00edo que se les presenta. Solo decirles que pueden contar con el Equipo\nPACE-UMAG para acompa\u00f1arlos\u201d. &nbsp;<\/p>\n","protected":false},"excerpt":{"rendered":"<p>En el proceso de Matr\u00edculas PACE UMAG 2019, de los 57 estudiantes habilitados de los establecimientos pertenecientes al Programa de Acompa\u00f1amiento y Acceso Efectivo a la Educaci\u00f3n Superior, 20 ingresaron&#8230; <a class=\"read-more\" href=\"https:\/\/www.radiopresidenteibanez.cl\/web\/20-estudiantes-son-parte-de-la-tercera-generacion-pace-umag\/\">Leer m\u00e1s<\/a><\/p>\n","protected":false},"author":2,"featured_media":628,"comment_status":"closed","ping_status":"closed","sticky":false,"template":"","format":"standard","meta":{"footnotes":""},"categories":[1],"tags":[],"class_list":["post-627","post","type-post","status-publish","format-standard","has-post-thumbnail","hentry","category-cronica"],"_links":{"self":[{"href":"https:\/\/www.radiopresidenteibanez.cl\/web\/wp-json\/wp\/v2\/posts\/627","targetHints":{"allow":["GET"]}}],"collection":[{"href":"https:\/\/www.radiopresidenteibanez.cl\/web\/wp-json\/wp\/v2\/posts"}],"about":[{"href":"https:\/\/www.radiopresidenteibanez.cl\/web\/wp-json\/wp\/v2\/types\/post"}],"author":[{"embeddable":true,"href":"https:\/\/www.radiopresidenteibanez.cl\/web\/wp-json\/wp\/v2\/users\/2"}],"replies":[{"embeddable":true,"href":"https:\/\/www.radiopresidenteibanez.cl\/web\/wp-json\/wp\/v2\/comments?post=627"}],"version-history":[{"count":0,"href":"https:\/\/www.radiopresidenteibanez.cl\/web\/wp-json\/wp\/v2\/posts\/627\/revisions"}],"wp:featuredmedia":[{"embeddable":true,"href":"https:\/\/www.radiopresidenteibanez.cl\/web\/wp-json\/wp\/v2\/media\/628"}],"wp:attachment":[{"href":"https:\/\/www.radiopresidenteibanez.cl\/web\/wp-json\/wp\/v2\/media?parent=627"}],"wp:term":[{"taxonomy":"category","embeddable":true,"href":"https:\/\/www.radiopresidenteibanez.cl\/web\/wp-json\/wp\/v2\/categories?post=627"},{"taxonomy":"post_tag","embeddable":true,"href":"https:\/\/www.radiopresidenteibanez.cl\/web\/wp-json\/wp\/v2\/tags?post=627"}],"curies":[{"name":"wp","href":"https:\/\/api.w.org\/{rel}","templated":true}]}}