{"id":623,"date":"2019-01-21T18:35:50","date_gmt":"2019-01-21T18:35:50","guid":{"rendered":"http:\/\/www.radiopresidenteibanez.cl\/web\/?p=623"},"modified":"2019-01-21T18:35:52","modified_gmt":"2019-01-21T18:35:52","slug":"magallanes-y-chile-tienen-una-nueva-area-protegida","status":"publish","type":"post","link":"https:\/\/www.radiopresidenteibanez.cl\/web\/magallanes-y-chile-tienen-una-nueva-area-protegida\/","title":{"rendered":"MAGALLANES Y CHILE TIENEN UNA NUEVA \u00c1REA PROTEGIDA"},"content":{"rendered":"\n<p>Desde hoy Chile y particularmente la Regi\u00f3n de Magallanes y Ant\u00e1rtica Chilena cuentan con una nueva \u00e1rea de protecci\u00f3n, en este caso para resguardar un ave que se encuentra en la categor\u00eda en peligro, el Canqu\u00e9n Colorado (<em>Chloephaga rubidiceps<\/em>), que se integra al Sistema Nacional de \u00c1reas Silvestres Protegidas del Estado (SNASPE), que administra y gestiona la Corporaci\u00f3n Nacional Forestal (CONAF).<\/p>\n\n\n\n<p>Con la creaci\u00f3n del Monumento Natural Canqu\u00e9n Colorado, en la Regi\u00f3n de Magallanes, con una superficie de 26,16 hect\u00e1reas, localizado en Punta Sedger, desembocadura del r\u00edo San Juan, a 58 km al sur de Punta Arenas, el pa\u00eds cuenta ahora con 103 unidades protegidas del Estado, de las cuales 40 son parques nacionales, 46 reservas nacionales y 17 monumentos naturales, y que abarcan una superficie de 15,3 millones de hect\u00e1reas, casi el 20,4% del territorio nacional continental.<\/p>\n\n\n\n<p>Para el director ejecutivo de CONAF, Jos\u00e9 Manuel Rebolledo, esta nueva unidad \u201ctiene como eje el ser un lugar de protecci\u00f3n del Canqu\u00e9n Colorado, que en los \u00faltimos a\u00f1os ha visto la disminuci\u00f3n de su poblaci\u00f3n. En este sector estamos resguardando un \u00e1rea de reproducci\u00f3n de esta especie que se encuentra en peligro y est\u00e1 protegida por varias leyes y convenciones internacionales\u201d.<\/p>\n\n\n\n<p>La creaci\u00f3n del Monumento Natural se fundamenta precisamente en la necesidad de dar protecci\u00f3n absoluta a la especie, la cual&nbsp; actualmente se encuentra protegida adem\u00e1s por el Reglamento de la Ley de Caza; clasificada como especie en peligro por el Reglamento para la Clasificaci\u00f3n de Especies Silvestres (DS N\u00b0 151 de 2007 MINSEGPRES); est\u00e1 incluida en los Ap\u00e9ndices I y II de la Convenci\u00f3n de Especies Migratorias de la Fauna Salvaje (Ley de la Rep\u00fablica), y es parte del Acuerdo de Cooperaci\u00f3n para su Conservaci\u00f3n en el marco del Memor\u00e1ndum de Entendimiento firmado con la Rep\u00fablica de Argentina (Plan Binacional) y cuenta con un Plan Nacional de Recuperaci\u00f3n, Conservaci\u00f3n y Gesti\u00f3n (Plan RECOGE).<\/p>\n\n\n\n<p>El objetivo del Monumento Natural es dar protecci\u00f3n al h\u00e1bitat y \u00e1rea de mayor concentraci\u00f3n de parejas reproductivas de la especie en ambientes h\u00famedos de la Patagonia Chilena.<\/p>\n\n\n\n<p>La protecci\u00f3n efectiva que otorgar\u00e1 CONAF a la&nbsp; especie dentro de esta nueva unidad, consistir\u00e1 en enfrentar las amenazas y la constante tendencia a la disminuci\u00f3n de sus poblaciones, lo que&nbsp; se ven\u00eda evidenciando desde finales de la d\u00e9cada del 90\u2019, principalmente por la modificaci\u00f3n de su h\u00e1bitat y la depredaci\u00f3n por zorro chilla (<em>Lycalopex griseus<\/em>), especie introducida en Tierra del Fuego en los a\u00f1os 50.<\/p>\n","protected":false},"excerpt":{"rendered":"<p>Desde hoy Chile y particularmente la Regi\u00f3n de Magallanes y Ant\u00e1rtica Chilena cuentan con una nueva \u00e1rea de protecci\u00f3n, en este caso para resguardar un ave que se encuentra en&#8230; <a class=\"read-more\" href=\"https:\/\/www.radiopresidenteibanez.cl\/web\/magallanes-y-chile-tienen-una-nueva-area-protegida\/\">Leer m\u00e1s<\/a><\/p>\n","protected":false},"author":2,"featured_media":624,"comment_status":"closed","ping_status":"closed","sticky":false,"template":"","format":"standard","meta":{"footnotes":""},"categories":[1],"tags":[],"class_list":["post-623","post","type-post","status-publish","format-standard","has-post-thumbnail","hentry","category-cronica"],"_links":{"self":[{"href":"https:\/\/www.radiopresidenteibanez.cl\/web\/wp-json\/wp\/v2\/posts\/623","targetHints":{"allow":["GET"]}}],"collection":[{"href":"https:\/\/www.radiopresidenteibanez.cl\/web\/wp-json\/wp\/v2\/posts"}],"about":[{"href":"https:\/\/www.radiopresidenteibanez.cl\/web\/wp-json\/wp\/v2\/types\/post"}],"author":[{"embeddable":true,"href":"https:\/\/www.radiopresidenteibanez.cl\/web\/wp-json\/wp\/v2\/users\/2"}],"replies":[{"embeddable":true,"href":"https:\/\/www.radiopresidenteibanez.cl\/web\/wp-json\/wp\/v2\/comments?post=623"}],"version-history":[{"count":0,"href":"https:\/\/www.radiopresidenteibanez.cl\/web\/wp-json\/wp\/v2\/posts\/623\/revisions"}],"wp:featuredmedia":[{"embeddable":true,"href":"https:\/\/www.radiopresidenteibanez.cl\/web\/wp-json\/wp\/v2\/media\/624"}],"wp:attachment":[{"href":"https:\/\/www.radiopresidenteibanez.cl\/web\/wp-json\/wp\/v2\/media?parent=623"}],"wp:term":[{"taxonomy":"category","embeddable":true,"href":"https:\/\/www.radiopresidenteibanez.cl\/web\/wp-json\/wp\/v2\/categories?post=623"},{"taxonomy":"post_tag","embeddable":true,"href":"https:\/\/www.radiopresidenteibanez.cl\/web\/wp-json\/wp\/v2\/tags?post=623"}],"curies":[{"name":"wp","href":"https:\/\/api.w.org\/{rel}","templated":true}]}}