{"id":6217,"date":"2019-08-08T19:36:33","date_gmt":"2019-08-08T19:36:33","guid":{"rendered":"http:\/\/www.radiopresidenteibanez.cl\/web\/?p=6217"},"modified":"2019-08-08T19:36:38","modified_gmt":"2019-08-08T19:36:38","slug":"autoridades-valoraron-alimentacion-sana-que-entregan-agricultores-natalinos","status":"publish","type":"post","link":"https:\/\/www.radiopresidenteibanez.cl\/web\/autoridades-valoraron-alimentacion-sana-que-entregan-agricultores-natalinos\/","title":{"rendered":"AUTORIDADES VALORARON \u201cALIMENTACI\u00d3N SANA\u201d QUE ENTREGAN AGRICULTORES NATALINOS"},"content":{"rendered":"\n<p>\u201cPodemos respirar tranquilos, nuestra alimentaci\u00f3n est\u00e1 en sus manos\u201d, dijo Ana Mayorga, gobernadora de la provincia de \u00daltima Esperanza, durante la conmemoraci\u00f3n del D\u00eda del Campesino realizada en la ciudad de Puerto Natales.<\/p>\n\n\n\n<p>El evento organizado por INDAP cont\u00f3 con la participaci\u00f3n de dirigentes regionales del sector, y autoridades comunales.&nbsp;&nbsp;\u201cUstedes son uno de los eslabones m\u00e1s importantes de la sociedad y son un ejemplo a nivel regional\u201d, contin\u00fao la gobernadora.<\/p>\n\n\n\n<p>Si bien el D\u00eda del Campesino se conmemor\u00f3 en la regi\u00f3n el pasado viernes 2 de agosto, Indap junto a los dirigentes acordaron festejar igualmente en las comunas de Porvenir y Puerto Natales, con el fin de dar la oportunidad a todos los agricultores de celebrar.&nbsp;&nbsp;El pr\u00f3ximo martes 13 es el turno de la provincia de Tierra del Fuego.<\/p>\n\n\n\n<p>En la ocasi\u00f3n, los agricultores refrendaron el premio que recibi\u00f3 Mar\u00eda Isabel C\u00e1rcamo y la volvieron a homenajear.&nbsp;&nbsp;Se trata de una historia personal que&nbsp;refleja la responsabilidad y compromiso con la ganader\u00eda en el sector Dorotea. Entre los m\u00e9ritos m\u00e1s destacados por sus pares est\u00e1n el esfuerzo y la capacidad de innovaci\u00f3n.<\/p>\n\n\n\n<p>Por su parte, Fernando Paredes, alcalde de Puerto Natales, valor\u00f3 el trabajo que realiza el Programa de Desarrollo Local, Prodesal, y el trabajo conjunto entre el municipio e INDAP.<\/p>\n\n\n\n<p>\u201cDestaco la adaptaci\u00f3n al mundo moderno de los campesinos, en el que las exigencias aumentan, la certificaci\u00f3n de los mercados que los obliga a una capacitaci\u00f3n permanente y a aplicar nuevas tecnolog\u00edas.&nbsp;&nbsp;Hoy, los campesinos nos tienen a Natales en la vanguardia y merecen un reconocimiento y son dignos de imitar porque contribuyen al desarrollo de Magallanes\u201d, precis\u00f3.<\/p>\n\n\n\n<p>Como parte de la actividad tambi\u00e9n se exhibi\u00f3 un video que da cuenta del esfuerzo de los agricultores natalinos por romper la estacionalidad clim\u00e1tica y producir hortalizas en los meses de invierno.<\/p>\n\n\n\n<p>A su vez, Patricia&nbsp;Delgado, presidenta&nbsp;del&nbsp;Consejo Asesor Regional (CAR), pidi\u00f3 mantener el convenio entre INDAP y el GORE y valor\u00f3 el trabajo asociativo que desarrollan los agricultores en Natales, colocando como ejemplo a la Cooperativa Campo de Hielo.<\/p>\n","protected":false},"excerpt":{"rendered":"<p>\u201cPodemos respirar tranquilos, nuestra alimentaci\u00f3n est\u00e1 en sus manos\u201d, dijo Ana Mayorga, gobernadora de la provincia de \u00daltima Esperanza, durante la conmemoraci\u00f3n del D\u00eda del Campesino realizada en la ciudad&#8230; <a class=\"read-more\" href=\"https:\/\/www.radiopresidenteibanez.cl\/web\/autoridades-valoraron-alimentacion-sana-que-entregan-agricultores-natalinos\/\">Leer m\u00e1s<\/a><\/p>\n","protected":false},"author":2,"featured_media":6218,"comment_status":"closed","ping_status":"closed","sticky":false,"template":"","format":"standard","meta":{"footnotes":""},"categories":[1],"tags":[],"class_list":["post-6217","post","type-post","status-publish","format-standard","has-post-thumbnail","hentry","category-cronica"],"_links":{"self":[{"href":"https:\/\/www.radiopresidenteibanez.cl\/web\/wp-json\/wp\/v2\/posts\/6217","targetHints":{"allow":["GET"]}}],"collection":[{"href":"https:\/\/www.radiopresidenteibanez.cl\/web\/wp-json\/wp\/v2\/posts"}],"about":[{"href":"https:\/\/www.radiopresidenteibanez.cl\/web\/wp-json\/wp\/v2\/types\/post"}],"author":[{"embeddable":true,"href":"https:\/\/www.radiopresidenteibanez.cl\/web\/wp-json\/wp\/v2\/users\/2"}],"replies":[{"embeddable":true,"href":"https:\/\/www.radiopresidenteibanez.cl\/web\/wp-json\/wp\/v2\/comments?post=6217"}],"version-history":[{"count":0,"href":"https:\/\/www.radiopresidenteibanez.cl\/web\/wp-json\/wp\/v2\/posts\/6217\/revisions"}],"wp:featuredmedia":[{"embeddable":true,"href":"https:\/\/www.radiopresidenteibanez.cl\/web\/wp-json\/wp\/v2\/media\/6218"}],"wp:attachment":[{"href":"https:\/\/www.radiopresidenteibanez.cl\/web\/wp-json\/wp\/v2\/media?parent=6217"}],"wp:term":[{"taxonomy":"category","embeddable":true,"href":"https:\/\/www.radiopresidenteibanez.cl\/web\/wp-json\/wp\/v2\/categories?post=6217"},{"taxonomy":"post_tag","embeddable":true,"href":"https:\/\/www.radiopresidenteibanez.cl\/web\/wp-json\/wp\/v2\/tags?post=6217"}],"curies":[{"name":"wp","href":"https:\/\/api.w.org\/{rel}","templated":true}]}}