{"id":6214,"date":"2019-08-08T19:30:23","date_gmt":"2019-08-08T19:30:23","guid":{"rendered":"http:\/\/www.radiopresidenteibanez.cl\/web\/?p=6214"},"modified":"2019-08-08T19:30:28","modified_gmt":"2019-08-08T19:30:28","slug":"diputados-de-magallanes-cuestionan-criterio-de-la-subdere-para-establecer-territorios-rezagados","status":"publish","type":"post","link":"https:\/\/www.radiopresidenteibanez.cl\/web\/diputados-de-magallanes-cuestionan-criterio-de-la-subdere-para-establecer-territorios-rezagados\/","title":{"rendered":"DIPUTADOS DE MAGALLANES CUESTIONAN CRITERIO DE LA SUBDERE PARA ESTABLECER TERRITORIOS REZAGADOS"},"content":{"rendered":"\n<p>\n\nEste mi\u00e9rcoles en el Congreso Nacional, los diputados representantes de la regi\u00f3n de Magallanes, Sandra Amar y Gabriel Boric, presentaron un proyecto de resoluci\u00f3n que busca incluir a las comunas de San Gregorio, Porvenir, Timaukel y Primavera como zonas rezagadas.<\/p>\n\n\n\n<p>Esto debido a que, en el Informe de Comunas Susceptibles a ser Rezagas publicado por la SUBDERE, en Magallanes s\u00f3lo se incluyen a las comunas de Cabo de Hornos y Natales, dejando fuera territorios que, seg\u00fan plantea el reglamento de la Subsecretar\u00eda y producto de la condici\u00f3n de aislamiento geogr\u00e1fico y brechas sociales, debieran calificar como zonas rezagadas.<\/p>\n\n\n\n<p>\u201cEl proyecto de resoluci\u00f3n que presentamos junto al diputado Boric no s\u00f3lo busca incluir a las comunas m\u00e1s aisladas de Magallanes que quedaron fuera, sino que, adem\u00e1s, mediante este, queremos hacer un llamado a que se revise el criterio y el reglamento dictado por la SUBDERE, pues dentro de las 345 comunas que existen en el pa\u00eds, solo calificaron 161, limit\u00e1ndose v\u00eda reglamento una facultad legal de los gobiernos regionales\u201d, puntualiz\u00f3 Sandra Amar. Y agreg\u00f3 que \u201ccuesta entender que exista un criterio objetivo cuando se da la incongruencia de que comunas como Timaukel o Primavera no sean consideradas como una posible zona de rezago, mientras que Valpara\u00edso s\u00ed\u201d.<\/p>\n\n\n\n<p>Por su parte, el diputado Gabriel Boric se\u00f1al\u00f3 que \u201ca la hora de luchar con el centralismo con el que parad\u00f3jicamente est\u00e1 actuando la SUBDERE, nos unimos para que las comunas de Tierra del Fuego sean calificadas como zonas rezagadas. Nos parece inaceptable que ignoren la situaci\u00f3n de aislamiento y el subdesarrollo que existe en estas zonas, y sencillamente desde un punto de vista centralista, terminen incorporando a esta l\u00f3gica de zonas rezagadas a comunas que, seg\u00fan el propio reglamento de la SUBDERE, no debieran calificar\u201d. Asimismo, el diputado Boric afirm\u00f3 que \u201ccon la diputada Amar estaremos dando la pelea para revertir la situaci\u00f3n y visibilizar este tema pa\u00eds desde la regi\u00f3n de Magallanes\u201d.<\/p>\n\n\n\n<p>Para ambos legisladores esta situaci\u00f3n no solo genera cuestionamientos respecto del criterio utilizado por la SUBDERE para calificar qu\u00e9 zonas son rezagadas en Magallanes, sino que tambi\u00e9n, abre la puerta para analizar los casos en cada regi\u00f3n del pa\u00eds.<\/p>\n\n\n\n<p>Cabe recordar que las comunas declaradas como rezagadas podr\u00e1n beneficiarse con recursos extra debido a la intervenci\u00f3n focalizada del Estado, esto productor de la existencia de importantes brechas de desarrollo entre ciertos territorios del pa\u00eds respecto a la media regional y nacional. Las comunas susceptibles de ser declaradas como rezagadas presentan un importante grado de aislamiento respecto a los principales centros urbanos y productivos de sus respectivas regiones. A su vez, los niveles de aislamiento implican, generalmente, una baja densidad poblacional en dichos territorios, lo que dificulta las posibilidades de asignaci\u00f3n de recursos p\u00fablicos dado que las caracter\u00edsticas geogr\u00e1ficas y demogr\u00e1ficas de estos, afectan la evaluaci\u00f3n de rentabilidad social de los proyectos de inversi\u00f3n que podr\u00edan llevarse a cabo en ellos.\n\n<\/p>\n","protected":false},"excerpt":{"rendered":"<p>Este mi\u00e9rcoles en el Congreso Nacional, los diputados representantes de la regi\u00f3n de Magallanes, Sandra Amar y Gabriel Boric, presentaron un proyecto de resoluci\u00f3n que busca incluir a las comunas&#8230; <a class=\"read-more\" href=\"https:\/\/www.radiopresidenteibanez.cl\/web\/diputados-de-magallanes-cuestionan-criterio-de-la-subdere-para-establecer-territorios-rezagados\/\">Leer m\u00e1s<\/a><\/p>\n","protected":false},"author":2,"featured_media":6215,"comment_status":"closed","ping_status":"closed","sticky":false,"template":"","format":"standard","meta":{"footnotes":""},"categories":[1],"tags":[],"class_list":["post-6214","post","type-post","status-publish","format-standard","has-post-thumbnail","hentry","category-cronica"],"_links":{"self":[{"href":"https:\/\/www.radiopresidenteibanez.cl\/web\/wp-json\/wp\/v2\/posts\/6214","targetHints":{"allow":["GET"]}}],"collection":[{"href":"https:\/\/www.radiopresidenteibanez.cl\/web\/wp-json\/wp\/v2\/posts"}],"about":[{"href":"https:\/\/www.radiopresidenteibanez.cl\/web\/wp-json\/wp\/v2\/types\/post"}],"author":[{"embeddable":true,"href":"https:\/\/www.radiopresidenteibanez.cl\/web\/wp-json\/wp\/v2\/users\/2"}],"replies":[{"embeddable":true,"href":"https:\/\/www.radiopresidenteibanez.cl\/web\/wp-json\/wp\/v2\/comments?post=6214"}],"version-history":[{"count":0,"href":"https:\/\/www.radiopresidenteibanez.cl\/web\/wp-json\/wp\/v2\/posts\/6214\/revisions"}],"wp:featuredmedia":[{"embeddable":true,"href":"https:\/\/www.radiopresidenteibanez.cl\/web\/wp-json\/wp\/v2\/media\/6215"}],"wp:attachment":[{"href":"https:\/\/www.radiopresidenteibanez.cl\/web\/wp-json\/wp\/v2\/media?parent=6214"}],"wp:term":[{"taxonomy":"category","embeddable":true,"href":"https:\/\/www.radiopresidenteibanez.cl\/web\/wp-json\/wp\/v2\/categories?post=6214"},{"taxonomy":"post_tag","embeddable":true,"href":"https:\/\/www.radiopresidenteibanez.cl\/web\/wp-json\/wp\/v2\/tags?post=6214"}],"curies":[{"name":"wp","href":"https:\/\/api.w.org\/{rel}","templated":true}]}}