{"id":62122,"date":"2026-01-30T17:49:00","date_gmt":"2026-01-30T20:49:00","guid":{"rendered":"https:\/\/www.radiopresidenteibanez.cl\/web\/?p=62122"},"modified":"2026-01-30T11:25:33","modified_gmt":"2026-01-30T14:25:33","slug":"autoridades-llaman-a-nuevos-estudiantes-superiores-a-obtener-su-tarjeta-nacional-estudiantil-anticipadamente","status":"publish","type":"post","link":"https:\/\/www.radiopresidenteibanez.cl\/web\/autoridades-llaman-a-nuevos-estudiantes-superiores-a-obtener-su-tarjeta-nacional-estudiantil-anticipadamente\/","title":{"rendered":"Autoridades llaman a nuevos estudiantes superiores a obtener su Tarjeta Nacional Estudiantil anticipadamente"},"content":{"rendered":"\n<p>\u201cQueremos hacer un llamado a todos los estudiantes y principalmente a quienes ingresan este a\u00f1o<br>a la educaci\u00f3n superior, a que se acerquen a las oficinas de Junaeb para agilizar su tr\u00e1mite de<br>obtenci\u00f3n de la TNE, para acceder al beneficio de pasaje rebajado en el transporte p\u00fablico, ya que<br>esto se traduce en un apoyo econ\u00f3mico para ellos y sus familias\u201d, se\u00f1al\u00f3 el seremi de Gobierno<br>Andro Mimica al reunirse en dependencias de la Junaeb con otras autoridades para dar a conocer<br>la campa\u00f1a de verano de este servicio dependiente de la cartera de Educaci\u00f3n.<br>En el marco de esta campa\u00f1a, los escolares de ense\u00f1anza media y los estudiantes de educaci\u00f3n<br>superior, podr\u00e1n realizar los tr\u00e1mites disponibles durante el verano en la oficina de la Junta<br>Nacional de Auxilio escolar y Becas (Junaeb), ubicada en calle Croacia 569, como toma fotogr\u00e1fica<br>para solicitud de tarjetas nuevas; reposici\u00f3n de tarjetas extraviadas o da\u00f1adas y revalidaciones,<br>adicion\u00e1ndoles el sello 2025.<br>\u201cEl beneficio que otorga la TNE corre durante todo el a\u00f1o, todos los d\u00edas de la semana y las 24<br>horas del d\u00eda. Sabemos que en verano muchos estudiantes realizan sus pr\u00e1cticas profesionales por<br>lo tanto es importante que puedan mantener sus beneficios usando su tarjeta nacional<br>estudiantil\u201d indic\u00f3 la seremi (s) de Educaci\u00f3n Carolina \u00c1lvarez. Por lo que hizo el llamado a hacer<br>un adecuado uso de este instrumento que es personal e intransferible.<br>Por su parte, el director (s) de Junaeb Gerardo Macilla, inform\u00f3 que \u201cpara los estudiantes de nivel<br>superior quienes sacan por primera vez la tarjeta tiene un valor de $2.700 y la validaci\u00f3n de la<br>tarjeta $1.100\u201d. Record\u00f3 que la TNE es uno m\u00e1s de otros beneficios que otorga Junaeb, como las<br>becas, el programa de alimentaci\u00f3n, habilidades para la vida y la residencia familiar estudiantil.<br>\u201cDe las 217.096 validaciones totales -o pasajes pagados- desde el 2 al 22 de enero, 17.970<br>validaciones fueron realizadas por estudiantes, esto es alrededor de un 8% del total, lo que<br>demuestra c\u00f3mo contin\u00faa el uso de la TNE en periodo estival\u201d, inform\u00f3 finalmente el seremi de<br>Transportes y Telecomunicaciones (s) Jos\u00e9 Luis Hern\u00e1ndez.<br>Mencion\u00f3 que la TNE con sello 2025 mantiene su vigencia hasta el 31 de mayo de 2026. Por esta<br>raz\u00f3n, el llamado a los estudiantes es a cuidar su tarjeta y evitar su extrav\u00edo o deterioro, ya que la<br>tarjeta estudiantil es el \u00fanico medio de pago v\u00e1lido para alumnos de ense\u00f1anza media y superior<br>que permite acceder a la tarifa rebajada en el transporte p\u00fablico. \u201cEn caso de no contar con la TNE<br>habilitada, deber\u00e1n pagar tarifa normal en el transporte p\u00fablico mientras no regularicen su<br>situaci\u00f3n, perdiendo temporalmente el beneficio de la tarifa reducida de $120\u201d.<br>Hern\u00e1ndez a\u00f1adi\u00f3 que la recarga de la TNE puede realizarse de forma digital a trav\u00e9s del sitio web<br>www.bipay.cl o mediante la aplicaci\u00f3n m\u00f3vil Bipay Wallet. Adem\u00e1s, existen puntos de recarga<br>presenciales autorizados en Punta Arenas, cuyo detalle se encuentra disponible en bipay.cl<\/p>\n","protected":false},"excerpt":{"rendered":"<p>\u201cQueremos hacer un llamado a todos los estudiantes y principalmente a quienes ingresan este a\u00f1oa la educaci\u00f3n superior, a que se acerquen a las oficinas de Junaeb para agilizar su&#8230; <a class=\"read-more\" href=\"https:\/\/www.radiopresidenteibanez.cl\/web\/autoridades-llaman-a-nuevos-estudiantes-superiores-a-obtener-su-tarjeta-nacional-estudiantil-anticipadamente\/\">Leer m\u00e1s<\/a><\/p>\n","protected":false},"author":2,"featured_media":62123,"comment_status":"closed","ping_status":"closed","sticky":false,"template":"","format":"standard","meta":{"footnotes":""},"categories":[1],"tags":[],"class_list":["post-62122","post","type-post","status-publish","format-standard","has-post-thumbnail","hentry","category-cronica"],"_links":{"self":[{"href":"https:\/\/www.radiopresidenteibanez.cl\/web\/wp-json\/wp\/v2\/posts\/62122","targetHints":{"allow":["GET"]}}],"collection":[{"href":"https:\/\/www.radiopresidenteibanez.cl\/web\/wp-json\/wp\/v2\/posts"}],"about":[{"href":"https:\/\/www.radiopresidenteibanez.cl\/web\/wp-json\/wp\/v2\/types\/post"}],"author":[{"embeddable":true,"href":"https:\/\/www.radiopresidenteibanez.cl\/web\/wp-json\/wp\/v2\/users\/2"}],"replies":[{"embeddable":true,"href":"https:\/\/www.radiopresidenteibanez.cl\/web\/wp-json\/wp\/v2\/comments?post=62122"}],"version-history":[{"count":1,"href":"https:\/\/www.radiopresidenteibanez.cl\/web\/wp-json\/wp\/v2\/posts\/62122\/revisions"}],"predecessor-version":[{"id":62124,"href":"https:\/\/www.radiopresidenteibanez.cl\/web\/wp-json\/wp\/v2\/posts\/62122\/revisions\/62124"}],"wp:featuredmedia":[{"embeddable":true,"href":"https:\/\/www.radiopresidenteibanez.cl\/web\/wp-json\/wp\/v2\/media\/62123"}],"wp:attachment":[{"href":"https:\/\/www.radiopresidenteibanez.cl\/web\/wp-json\/wp\/v2\/media?parent=62122"}],"wp:term":[{"taxonomy":"category","embeddable":true,"href":"https:\/\/www.radiopresidenteibanez.cl\/web\/wp-json\/wp\/v2\/categories?post=62122"},{"taxonomy":"post_tag","embeddable":true,"href":"https:\/\/www.radiopresidenteibanez.cl\/web\/wp-json\/wp\/v2\/tags?post=62122"}],"curies":[{"name":"wp","href":"https:\/\/api.w.org\/{rel}","templated":true}]}}