{"id":62119,"date":"2026-01-30T16:39:00","date_gmt":"2026-01-30T19:39:00","guid":{"rendered":"https:\/\/www.radiopresidenteibanez.cl\/web\/?p=62119"},"modified":"2026-01-30T11:12:33","modified_gmt":"2026-01-30T14:12:33","slug":"comisionados-de-los-pueblos-indigenas-de-magallanes-reciben-reconocimiento-por-su-labor-en-el-seguimiento-de-la-politica-energetica-nacional","status":"publish","type":"post","link":"https:\/\/www.radiopresidenteibanez.cl\/web\/comisionados-de-los-pueblos-indigenas-de-magallanes-reciben-reconocimiento-por-su-labor-en-el-seguimiento-de-la-politica-energetica-nacional\/","title":{"rendered":"Comisionados de los pueblos ind\u00edgenas de Magallanes reciben reconocimiento por su labor en el seguimiento de la Pol\u00edtica Energ\u00e9tica Nacional"},"content":{"rendered":"\n<p>En el marco del fortalecimiento del enfoque participativo e intercultural en la gobernanza energ\u00e9tica, comisionadas y comisionados de los pueblos ind\u00edgenas de Magallanes fueron reconocidos por su contribuci\u00f3n al seguimiento de la Pol\u00edtica Energ\u00e9tica Nacional, instancia que busca garantizar el avance y desarrollo del sector avance en armon\u00eda con los derechos de las comunidades.&nbsp;<\/p>\n\n\n\n<p>Para ello, el Ministerio de Energ\u00eda, a trav\u00e9s de sus representantes locales, entreg\u00f3 a los comisionados de Magallanes \u2014y de todas las regiones del pa\u00eds\u2014 un galvano que simboliza y distingue el trabajo efectuado entre el a\u00f1o 2018 al 2024.<\/p>\n\n\n\n<p>Durante este per\u00edodo, la regi\u00f3n de Magallanes y de la Ant\u00e1rtica Chilena estuvo representada por destacados comisionados; entre ellos: Juan P\u00e9rez Balc\u00e1zar, de la Asociaci\u00f3n Mapuche-Williche Shakin Ayelen de Puerto Natales; Ra\u00fal Figueira, representante del pueblo Yag\u00e1n; y Juan Carlos Tonko, de la comunidad Kaw\u00e9sqar de Puerto Ed\u00e9n, quienes participaron activamente en el seguimiento de las pol\u00edticas energ\u00e9ticas desde una perspectiva territorial y cultural.<\/p>\n\n\n\n<p><strong>COMISIONADOS LOCALES<\/strong><\/p>\n\n\n\n<p>Para Juan Carlos Tonko, de la comunidad Kaw\u00e9sqar de Puerto Ed\u00e9n, \u201cser comisionado de energ\u00eda fue una experiencia muy importante, de mucha ense\u00f1anza y comprensi\u00f3n; tambi\u00e9n de conocer realidades de otros integrantes de otros lugares (\u2026). Sin lugar a dudas, crear una pol\u00edtica energ\u00e9tica, con un cierto punto importante en relaci\u00f3n a las poblaciones originarias tiene un valor enorme\u201d, sostuvo y agreg\u00f3 que es un buen punto de partida el que se hayan incluido en este proceso a los comisionados de los distintos pueblos originarios del pa\u00eds.<\/p>\n\n\n\n<p>\u201cPensamos y creemos que esta iniciativa puede seguir perfeccion\u00e1ndose las ideas y creando nuevas pol\u00edticas que le permitan no s\u00f3lo a los usuarios ind\u00edgenas solucionar sus problemas, sino que a la poblaci\u00f3n en general tambi\u00e9n para que puedan tener un mejor bienestar en el tiempo y espacio que nos corresponde; por todo ello agradezco al Ministerio de Energ\u00eda y sus autoridades por abrir este espacio de discusi\u00f3n y de creaci\u00f3n\u201d.<\/p>\n\n\n\n<p>Por su parte, Juan P\u00e9rez Balc\u00e1zar, de la Asociaci\u00f3n Mapuche-Williche Shakin Ayelen de Puerto Natales, manifest\u00f3 que \u201cparticipar como comisionado y representante de un pueblo que habita la regi\u00f3n fue una experiencia enriquecedora que, como pol\u00edtica nacional, incorpora la visi\u00f3n de los pueblos ind\u00edgenas, motivo por el cual agradezco a los funcionarios del ministerio y la Seremi de Energ\u00eda por darnos este espacio leg\u00edtimo de participaci\u00f3n que se valora y se agradece\u201d.&nbsp;&nbsp;&nbsp;&nbsp;<\/p>\n\n\n\n<p><strong>ETAPA EXITOSA<\/strong><\/p>\n\n\n\n<p>Seg\u00fan el Seremi de Energ\u00eda de Magallanes, Sergio Cuiti\u00f1o, para el Gobierno del Presidente Gabriel Boric la participaci\u00f3n de los pueblos ind\u00edgenas del pa\u00eds en el dise\u00f1o de pol\u00edticas de Estado es fundamental para el \u00e9xito de las mismas, tanto en su etapa de confecci\u00f3n, como en su posterior aplicaci\u00f3n.<\/p>\n\n\n\n<p>En este sentido, Cuiti\u00f1o precis\u00f3 que la Comisi\u00f3n Ind\u00edgena de Seguimiento del Cap\u00edtulo Ind\u00edgena de la Pol\u00edtica Energ\u00e9tica Nacional \u2014que recientemente cerr\u00f3 su trabajo\u2014 ten\u00eda como objetivo \u201casegurar la participaci\u00f3n efectiva de los pueblos ind\u00edgenas en la implementaci\u00f3n, monitoreo y evaluaci\u00f3n de los lineamientos, componentes y acciones de la Pol\u00edtica Energ\u00e9tica Nacional\u201d.<\/p>\n\n\n\n<p>Asimismo, dijo que \u201cla distinci\u00f3n felicita el compromiso de los representantes de las comunidades ind\u00edgenas de la regi\u00f3n con el di\u00e1logo intercultural y destaca su aporte a una pol\u00edtica energ\u00e9tica construida a partir de las voces de todo el territorio nacional\u201d.<\/p>\n\n\n\n<p>Complementando lo anterior, la autoridad regional de Energ\u00eda explic\u00f3 que la Comisi\u00f3n buscaba, adem\u00e1s, incorporar la mirada territorial y cultural de los pueblos originarios, velar por el cumplimiento de los compromisos asumidos por el Estado y fortalecer un di\u00e1logo permanente, informado y representativo entre el Ministerio de Energ\u00eda y las instituciones ind\u00edgenas, conforme a los principios establecidos en el Convenio 169 de la Organizaci\u00f3n Internacional del Trabajo.<\/p>\n\n\n\n<p>El funcionamiento de la Comisi\u00f3n consider\u00f3 per\u00edodos de renovaci\u00f3n bianual. No obstante, el ciclo iniciado en 2020 fue extendido de manera excepcional hasta el a\u00f1o 2024, debido a las restricciones sanitarias derivadas de la pandemia por COVID-19, que obligaron a realizar las sesiones en modalidad virtual y limitaron los encuentros presenciales.<\/p>\n","protected":false},"excerpt":{"rendered":"<p>En el marco del fortalecimiento del enfoque participativo e intercultural en la gobernanza energ\u00e9tica, comisionadas y comisionados de los pueblos ind\u00edgenas de Magallanes fueron reconocidos por su contribuci\u00f3n al seguimiento&#8230; <a class=\"read-more\" href=\"https:\/\/www.radiopresidenteibanez.cl\/web\/comisionados-de-los-pueblos-indigenas-de-magallanes-reciben-reconocimiento-por-su-labor-en-el-seguimiento-de-la-politica-energetica-nacional\/\">Leer m\u00e1s<\/a><\/p>\n","protected":false},"author":2,"featured_media":62120,"comment_status":"closed","ping_status":"closed","sticky":false,"template":"","format":"standard","meta":{"footnotes":""},"categories":[1],"tags":[],"class_list":["post-62119","post","type-post","status-publish","format-standard","has-post-thumbnail","hentry","category-cronica"],"_links":{"self":[{"href":"https:\/\/www.radiopresidenteibanez.cl\/web\/wp-json\/wp\/v2\/posts\/62119","targetHints":{"allow":["GET"]}}],"collection":[{"href":"https:\/\/www.radiopresidenteibanez.cl\/web\/wp-json\/wp\/v2\/posts"}],"about":[{"href":"https:\/\/www.radiopresidenteibanez.cl\/web\/wp-json\/wp\/v2\/types\/post"}],"author":[{"embeddable":true,"href":"https:\/\/www.radiopresidenteibanez.cl\/web\/wp-json\/wp\/v2\/users\/2"}],"replies":[{"embeddable":true,"href":"https:\/\/www.radiopresidenteibanez.cl\/web\/wp-json\/wp\/v2\/comments?post=62119"}],"version-history":[{"count":1,"href":"https:\/\/www.radiopresidenteibanez.cl\/web\/wp-json\/wp\/v2\/posts\/62119\/revisions"}],"predecessor-version":[{"id":62121,"href":"https:\/\/www.radiopresidenteibanez.cl\/web\/wp-json\/wp\/v2\/posts\/62119\/revisions\/62121"}],"wp:featuredmedia":[{"embeddable":true,"href":"https:\/\/www.radiopresidenteibanez.cl\/web\/wp-json\/wp\/v2\/media\/62120"}],"wp:attachment":[{"href":"https:\/\/www.radiopresidenteibanez.cl\/web\/wp-json\/wp\/v2\/media?parent=62119"}],"wp:term":[{"taxonomy":"category","embeddable":true,"href":"https:\/\/www.radiopresidenteibanez.cl\/web\/wp-json\/wp\/v2\/categories?post=62119"},{"taxonomy":"post_tag","embeddable":true,"href":"https:\/\/www.radiopresidenteibanez.cl\/web\/wp-json\/wp\/v2\/tags?post=62119"}],"curies":[{"name":"wp","href":"https:\/\/api.w.org\/{rel}","templated":true}]}}